{"id":3947,"date":"2026-04-29T06:17:17","date_gmt":"2026-04-29T09:17:17","guid":{"rendered":"https:\/\/vagas.portalemprego.com.br\/?p=3947"},"modified":"2026-04-29T06:17:17","modified_gmt":"2026-04-29T09:17:17","slug":"tecnico-enfermagem-imagens-ultrasson-75927-saude-rio-de-janeiro","status":"publish","type":"post","link":"https:\/\/vagas.portalemprego.com.br\/?p=3947","title":{"rendered":"TECNICO ENFERMAGEM IMAGENS ULTRASSON (75927) &#8211; Sa\u00fade &#8211; Rio de Janeiro"},"content":{"rendered":"<p>?? T\u00e9cnico de Enfermagem \u2013 Imagens (Ultrassom) |75927<\/p>\n<p>?? Contrato tempor\u00e1rio (90 dias) com possibilidade de efetiva\u00e7\u00e3o<br \/>\n?? Sal\u00e1rio: R$ 2.012,38<br \/>\n ?? Benef\u00edcios: Vale Transporte + Refei\u00e7\u00e3o no local<br \/>\n ? Escala: 12&#215;36 \u2013 das 07h00 \u00e0s 19h00<br \/>\n?? Sobre a oportunidade<br \/>\nEstamos em busca de um(a) T\u00e9cnico(a) de Enfermagem \u2013 Imagens (Ultrassom).<br \/>\nO(a) profissional ser\u00e1 respons\u00e1vel por executar atividades auxiliares utilizando t\u00e9cnicas adequadas a cada procedimento, garantindo o cumprimento das boas pr\u00e1ticas, normas e procedimentos de biosseguran\u00e7a, bem como as prerrogativas estabelecidas pelo Conselho de Classe.<br \/>\nSeu papel ser\u00e1 essencial para contribuir com a qualidade do atendimento, tratamento e recupera\u00e7\u00e3o dos pacientes.<br \/>\n? Requisitos<br \/>\nT\u00e9cnico em Enfermagem conclu\u00eddo<br \/>\nRegistro ativo no COREN<br \/>\nExperi\u00eancia como T\u00e9cnico(a) de Enfermagem na \u00e1rea de Imagens (Ultrassom)<br \/>\nDisponibilidade para atuar na escala 12&#215;36 (07h \u00e0s 19h)<\/p>\n<ul>\n<li>Local de trabalho: Rio de Janeiro, RJ<\/li>\n<li>Regime de contrata\u00e7\u00e3o de tipo: Tempor\u00e1rio<\/li>\n<li>Jornada: Per\u00edodo Integral<\/li>\n<li>\u00c1rea e especializa\u00e7\u00e3o profissional: Sa\u00fade &#8211; Enfermagem<\/li>\n<li>N\u00edvel hier\u00e1rquico: Operacional<\/li>\n<\/ul>\n<p>VALORIZADO<\/p>\n<p>Tempo de experi\u00eancia: Entre 1 e 3 anos<\/p>\n<p>Escolaridade M\u00ednima: Curso T\u00e9cnico<\/p>\n<p>Sal\u00e1rio: 2012,38<\/p>\n","protected":false},"excerpt":{"rendered":"<p>?? T\u00e9cnico de Enfermagem \u2013 Imagens (Ultrassom) |75927 ?? Contrato tempor\u00e1rio (90 dias) com possibilidade de efetiva\u00e7\u00e3o ?? Sal\u00e1rio: R$ 2.012,38 ?? Benef\u00edcios: Vale Transporte + Refei\u00e7\u00e3o no local ? Escala: 12&#215;36 \u2013 das 07h00 \u00e0s 19h00 ?? Sobre a oportunidade Estamos em busca de um(a) T\u00e9cnico(a) de Enfermagem \u2013 Imagens (Ultrassom). O(a) profissional ser\u00e1 [&hellip;]<\/p>\n","protected":false},"author":1,"featured_media":0,"comment_status":"open","ping_status":"open","sticky":false,"template":"","format":"standard","meta":{"footnotes":""},"categories":[21],"tags":[],"class_list":["post-3947","post","type-post","status-publish","format-standard","hentry","category-rio-de-janeiro-rj"],"_links":{"self":[{"href":"https:\/\/vagas.portalemprego.com.br\/index.php?rest_route=\/wp\/v2\/posts\/3947","targetHints":{"allow":["GET"]}}],"collection":[{"href":"https:\/\/vagas.portalemprego.com.br\/index.php?rest_route=\/wp\/v2\/posts"}],"about":[{"href":"https:\/\/vagas.portalemprego.com.br\/index.php?rest_route=\/wp\/v2\/types\/post"}],"author":[{"embeddable":true,"href":"https:\/\/vagas.portalemprego.com.br\/index.php?rest_route=\/wp\/v2\/users\/1"}],"replies":[{"embeddable":true,"href":"https:\/\/vagas.portalemprego.com.br\/index.php?rest_route=%2Fwp%2Fv2%2Fcomments&post=3947"}],"version-history":[{"count":0,"href":"https:\/\/vagas.portalemprego.com.br\/index.php?rest_route=\/wp\/v2\/posts\/3947\/revisions"}],"wp:attachment":[{"href":"https:\/\/vagas.portalemprego.com.br\/index.php?rest_route=%2Fwp%2Fv2%2Fmedia&parent=3947"}],"wp:term":[{"taxonomy":"category","embeddable":true,"href":"https:\/\/vagas.portalemprego.com.br\/index.php?rest_route=%2Fwp%2Fv2%2Fcategories&post=3947"},{"taxonomy":"post_tag","embeddable":true,"href":"https:\/\/vagas.portalemprego.com.br\/index.php?rest_route=%2Fwp%2Fv2%2Ftags&post=3947"}],"curies":[{"name":"wp","href":"https:\/\/api.w.org\/{rel}","templated":true}]}}