{"id":3951,"date":"2026-04-29T06:17:17","date_gmt":"2026-04-29T09:17:17","guid":{"rendered":"https:\/\/vagas.portalemprego.com.br\/?p=3951"},"modified":"2026-04-29T06:17:17","modified_gmt":"2026-04-29T09:17:17","slug":"psicologa-organizacional-recursos-humanos-porto-real","status":"publish","type":"post","link":"https:\/\/vagas.portalemprego.com.br\/?p=3951","title":{"rendered":"psic\u00f3loga organizacional &#8211; Recursos Humanos &#8211; Porto Real"},"content":{"rendered":"<p>Oportunidade: Estamos em busca de uma psic\u00f3loga organizacional para atuar em nossa unidade, situada em Resende. O cargo oferece a chance de contribuir para o desenvolvimento e o bem-estar dos colaboradores, promovendo um ambiente de trabalho saud\u00e1vel e produtivo.<br \/>\nFun\u00e7\u00f5es:<br \/>\nGerenciar projetos de desenvolvimento organizacional<br \/>\nCoordenar atividades de integra\u00e7\u00e3o e team building<br \/>\nAcompanhar e avaliar o clima organizacional<br \/>\nColaborar com outras \u00e1reas para promover o bem-estar dos funcion\u00e1rios<br \/>\nRecrutamento e sele\u00e7\u00e3o de alto volume e urg\u00eancia <\/p>\n<p>Requisitos:<br \/>\nExperi\u00eancia em psicologia organizacional<br \/>\nConhecimento em din\u00e2micas de grupo e desenvolvimento humano<br \/>\nCapacidade de analisar e interpretar dados comportamentais<br \/>\nHabilidade para comunica\u00e7\u00e3o clara e eficaz<\/p>\n<p>Benef\u00edcios:<br \/>\nOferecemos um ambiente de trabalho colaborativo<br \/>\nVoc\u00ea ter\u00e1 acesso a programas de desenvolvimento profissional<br \/>\nAmbiente de trabalho seguro e acolhedor<\/p>\n<ul>\n<li>Local de trabalho: Porto Real, RJ<\/li>\n<li>Regime de contrata\u00e7\u00e3o de tipo: Efetivo \u2013 CLT<\/li>\n<li>Jornada: Per\u00edodo Integral<\/li>\n<li>\u00c1rea e especializa\u00e7\u00e3o profissional: Recursos Humanos &#8211; Recursos Humanos (Generalista)<\/li>\n<li>N\u00edvel hier\u00e1rquico: Analista<\/li>\n<\/ul>\n<p>HABILIDADES<\/p>\n<ul>\n<li>Orienta\u00e7\u00e3o para processos<\/li>\n<li>trabalho em equipe<\/li>\n<li>Vis\u00e3o sistemica<\/li>\n<\/ul>\n<p>Escolaridade M\u00ednima: Ensino Superior<\/p>\n<p>Habilita\u00e7\u00e3o para dirigir: B<\/p>\n<p>Sal\u00e1rio: 3500,0<\/p>\n","protected":false},"excerpt":{"rendered":"<p>Oportunidade: Estamos em busca de uma psic\u00f3loga organizacional para atuar em nossa unidade, situada em Resende. O cargo oferece a chance de contribuir para o desenvolvimento e o bem-estar dos colaboradores, promovendo um ambiente de trabalho saud\u00e1vel e produtivo. Fun\u00e7\u00f5es: Gerenciar projetos de desenvolvimento organizacional Coordenar atividades de integra\u00e7\u00e3o e team building Acompanhar e avaliar [&hellip;]<\/p>\n","protected":false},"author":1,"featured_media":0,"comment_status":"open","ping_status":"open","sticky":false,"template":"","format":"standard","meta":{"footnotes":""},"categories":[21],"tags":[],"class_list":["post-3951","post","type-post","status-publish","format-standard","hentry","category-rio-de-janeiro-rj"],"_links":{"self":[{"href":"https:\/\/vagas.portalemprego.com.br\/index.php?rest_route=\/wp\/v2\/posts\/3951","targetHints":{"allow":["GET"]}}],"collection":[{"href":"https:\/\/vagas.portalemprego.com.br\/index.php?rest_route=\/wp\/v2\/posts"}],"about":[{"href":"https:\/\/vagas.portalemprego.com.br\/index.php?rest_route=\/wp\/v2\/types\/post"}],"author":[{"embeddable":true,"href":"https:\/\/vagas.portalemprego.com.br\/index.php?rest_route=\/wp\/v2\/users\/1"}],"replies":[{"embeddable":true,"href":"https:\/\/vagas.portalemprego.com.br\/index.php?rest_route=%2Fwp%2Fv2%2Fcomments&post=3951"}],"version-history":[{"count":0,"href":"https:\/\/vagas.portalemprego.com.br\/index.php?rest_route=\/wp\/v2\/posts\/3951\/revisions"}],"wp:attachment":[{"href":"https:\/\/vagas.portalemprego.com.br\/index.php?rest_route=%2Fwp%2Fv2%2Fmedia&parent=3951"}],"wp:term":[{"taxonomy":"category","embeddable":true,"href":"https:\/\/vagas.portalemprego.com.br\/index.php?rest_route=%2Fwp%2Fv2%2Fcategories&post=3951"},{"taxonomy":"post_tag","embeddable":true,"href":"https:\/\/vagas.portalemprego.com.br\/index.php?rest_route=%2Fwp%2Fv2%2Ftags&post=3951"}],"curies":[{"name":"wp","href":"https:\/\/api.w.org\/{rel}","templated":true}]}}