{"id":3953,"date":"2026-04-29T06:17:17","date_gmt":"2026-04-29T09:17:17","guid":{"rendered":"https:\/\/vagas.portalemprego.com.br\/?p=3953"},"modified":"2026-04-29T06:17:17","modified_gmt":"2026-04-29T09:17:17","slug":"auxiliar-de-logistica-logistica-seropedica","status":"publish","type":"post","link":"https:\/\/vagas.portalemprego.com.br\/?p=3953","title":{"rendered":"Auxiliar de Log\u00edstica &#8211; Log\u00edstica &#8211; Serop\u00e9dica"},"content":{"rendered":"<p>AUXILIAR DE LOG\u00cdSTICA &#8211; carga e descarga<br \/>\nREQUISITOS:<br \/>\n* Disponibilidade de hor\u00e1rio<br \/>\nATIVIDADES:<br \/>\nExecutar atividades relacionadas descarregamento (recebimento) e carregamento (expedi\u00e7\u00e3o) de ve\u00edculo.<\/p>\n<ul>\n<li>N\u00famero de vagas: 100<\/li>\n<li>Local de trabalho: Serop\u00e9dica, RJ<\/li>\n<li>Regime de contrata\u00e7\u00e3o de tipo: Tempor\u00e1rio<\/li>\n<li>Jornada: Per\u00edodo Integral<\/li>\n<li>\u00c1rea e especializa\u00e7\u00e3o profissional: Log\u00edstica &#8211; Log\u00edstica<\/li>\n<li>N\u00edvel hier\u00e1rquico: Auxiliar<\/li>\n<\/ul>\n<p>VALORIZADO<\/p>\n<p>Tempo de experi\u00eancia: Sem experi\u00eancia<\/p>\n<p>Escolaridade M\u00ednima: Ensino Fundamental (1\u00ba grau)<\/p>\n<ul>\n<li>Alimenta\u00e7\u00e3o no local<\/li>\n<li>Vale Transporte<\/li>\n<li>Seguro de Vida<\/li>\n<\/ul>\n","protected":false},"excerpt":{"rendered":"<p>AUXILIAR DE LOG\u00cdSTICA &#8211; carga e descarga REQUISITOS: * Disponibilidade de hor\u00e1rio ATIVIDADES: Executar atividades relacionadas descarregamento (recebimento) e carregamento (expedi\u00e7\u00e3o) de ve\u00edculo. N\u00famero de vagas: 100 Local de trabalho: Serop\u00e9dica, RJ Regime de contrata\u00e7\u00e3o de tipo: Tempor\u00e1rio Jornada: Per\u00edodo Integral \u00c1rea e especializa\u00e7\u00e3o profissional: Log\u00edstica &#8211; Log\u00edstica N\u00edvel hier\u00e1rquico: Auxiliar VALORIZADO Tempo de experi\u00eancia: [&hellip;]<\/p>\n","protected":false},"author":1,"featured_media":0,"comment_status":"open","ping_status":"open","sticky":false,"template":"","format":"standard","meta":{"footnotes":""},"categories":[21],"tags":[],"class_list":["post-3953","post","type-post","status-publish","format-standard","hentry","category-rio-de-janeiro-rj"],"_links":{"self":[{"href":"https:\/\/vagas.portalemprego.com.br\/index.php?rest_route=\/wp\/v2\/posts\/3953","targetHints":{"allow":["GET"]}}],"collection":[{"href":"https:\/\/vagas.portalemprego.com.br\/index.php?rest_route=\/wp\/v2\/posts"}],"about":[{"href":"https:\/\/vagas.portalemprego.com.br\/index.php?rest_route=\/wp\/v2\/types\/post"}],"author":[{"embeddable":true,"href":"https:\/\/vagas.portalemprego.com.br\/index.php?rest_route=\/wp\/v2\/users\/1"}],"replies":[{"embeddable":true,"href":"https:\/\/vagas.portalemprego.com.br\/index.php?rest_route=%2Fwp%2Fv2%2Fcomments&post=3953"}],"version-history":[{"count":0,"href":"https:\/\/vagas.portalemprego.com.br\/index.php?rest_route=\/wp\/v2\/posts\/3953\/revisions"}],"wp:attachment":[{"href":"https:\/\/vagas.portalemprego.com.br\/index.php?rest_route=%2Fwp%2Fv2%2Fmedia&parent=3953"}],"wp:term":[{"taxonomy":"category","embeddable":true,"href":"https:\/\/vagas.portalemprego.com.br\/index.php?rest_route=%2Fwp%2Fv2%2Fcategories&post=3953"},{"taxonomy":"post_tag","embeddable":true,"href":"https:\/\/vagas.portalemprego.com.br\/index.php?rest_route=%2Fwp%2Fv2%2Ftags&post=3953"}],"curies":[{"name":"wp","href":"https:\/\/api.w.org\/{rel}","templated":true}]}}