{"id":3954,"date":"2026-04-29T06:17:17","date_gmt":"2026-04-29T09:17:17","guid":{"rendered":"https:\/\/vagas.portalemprego.com.br\/?p=3954"},"modified":"2026-04-29T06:17:17","modified_gmt":"2026-04-29T09:17:17","slug":"auxiliar-de-servicos-gerais-servicos-gerais-rio-de-janeiro-60","status":"publish","type":"post","link":"https:\/\/vagas.portalemprego.com.br\/?p=3954","title":{"rendered":"Auxiliar de Servi\u00e7os Gerais &#8211; Servi\u00e7os Gerais &#8211; Rio de Janeiro"},"content":{"rendered":"<p>AUXILIAR DE SERVI\u00c7OS GERAIS \u2013 RIO DE JANEIRO<br \/>\nEstamos em busca de um(a) profissional respons\u00e1vel, organizado(a) e comprometido(a) para integrar nossa equipe como Auxiliar de Servi\u00e7os Gerais. Se voc\u00ea \u00e9 proativo(a), gosta de manter ambientes limpos e organizados e valoriza o trabalho em equipe, essa oportunidade \u00e9 para voc\u00ea.<br \/>\nRESPONSABILIDADES<br \/>\n\u2022 Realizar limpeza e conserva\u00e7\u00e3o de ambientes internos e externos<br \/>\n \u2022 Higienizar banheiros, salas, corredores e \u00e1reas comuns<br \/>\n \u2022 Repor materiais de higiene (papel, sabonete, \u00e1lcool etc.)<br \/>\n \u2022 Coletar e descartar res\u00edduos de forma adequada<br \/>\n \u2022 Auxiliar na organiza\u00e7\u00e3o de materiais e equipamentos<br \/>\n \u2022 Seguir normas de seguran\u00e7a e procedimentos internos<br \/>\nLOCAL DE ATUA\u00c7\u00c3O<br \/>\nRio de Janeiro \u2013 unidades localizadas na capital e regi\u00e3o.<br \/>\nBENEF\u00cdCIOS OFERECIDOS<br \/>\n\u2022 Sal\u00e1rio compat\u00edvel com o mercado<br \/>\n \u2022 Vale-transporte<br \/>\n \u2022 Vale-refei\u00e7\u00e3o ou alimenta\u00e7\u00e3o<br \/>\n \u2022 Plano de sa\u00fade (quando dispon\u00edvel)<br \/>\n \u2022 Uniforme fornecido pela empresa<br \/>\n \u2022 Treinamentos e capacita\u00e7\u00e3o profissional<br \/>\n \u2022 Ambiente organizado e equipe colaborativa<br \/>\nROTINA DE TRABALHO<br \/>\n\u2022 Limpeza di\u00e1ria de \u00e1reas administrativas, operacionais ou comerciais<br \/>\n \u2022 Organiza\u00e7\u00e3o de espa\u00e7os e apoio \u00e0 equipe interna<br \/>\n \u2022 Controle e solicita\u00e7\u00e3o de materiais de limpeza<br \/>\n \u2022 Apoio em pequenas demandas operacionais do dia a dia<br \/>\n \u2022 Comunica\u00e7\u00e3o de necessidades de manuten\u00e7\u00e3o \u00e0 supervis\u00e3o<br \/>\nREQUISITOS<br \/>\n\u2022 Ensino fundamental ou m\u00e9dio completo<br \/>\n \u2022 Experi\u00eancia na fun\u00e7\u00e3o ser\u00e1 um diferencial<br \/>\n \u2022 Organiza\u00e7\u00e3o, responsabilidade e aten\u00e7\u00e3o aos detalhes<br \/>\n \u2022 Boa disposi\u00e7\u00e3o f\u00edsica<br \/>\n \u2022 Trabalho em equipe<br \/>\n \u2022 Pontualidade e comprometimento<\/p>\n<ul>\n<li>N\u00famero de vagas: 50<\/li>\n<li>Local de trabalho: Rio de Janeiro, RJ<\/li>\n<li>Regime de contrata\u00e7\u00e3o de tipo: Efetivo \u2013 CLT<\/li>\n<li>Jornada: Per\u00edodo Integral<\/li>\n<li>\u00c1rea e especializa\u00e7\u00e3o profissional: Servi\u00e7os Gerais &#8211; Limpeza<\/li>\n<li>N\u00edvel hier\u00e1rquico: Auxiliar<\/li>\n<\/ul>\n<p>VALORIZADO<\/p>\n<p>Tempo de experi\u00eancia: Entre 1 e 3 anos<\/p>\n<p>Escolaridade M\u00ednima: Ensino Fundamental (1\u00ba grau)<\/p>\n","protected":false},"excerpt":{"rendered":"<p>AUXILIAR DE SERVI\u00c7OS GERAIS \u2013 RIO DE JANEIRO Estamos em busca de um(a) profissional respons\u00e1vel, organizado(a) e comprometido(a) para integrar nossa equipe como Auxiliar de Servi\u00e7os Gerais. Se voc\u00ea \u00e9 proativo(a), gosta de manter ambientes limpos e organizados e valoriza o trabalho em equipe, essa oportunidade \u00e9 para voc\u00ea. RESPONSABILIDADES \u2022 Realizar limpeza e conserva\u00e7\u00e3o [&hellip;]<\/p>\n","protected":false},"author":1,"featured_media":0,"comment_status":"open","ping_status":"open","sticky":false,"template":"","format":"standard","meta":{"footnotes":""},"categories":[21],"tags":[],"class_list":["post-3954","post","type-post","status-publish","format-standard","hentry","category-rio-de-janeiro-rj"],"_links":{"self":[{"href":"https:\/\/vagas.portalemprego.com.br\/index.php?rest_route=\/wp\/v2\/posts\/3954","targetHints":{"allow":["GET"]}}],"collection":[{"href":"https:\/\/vagas.portalemprego.com.br\/index.php?rest_route=\/wp\/v2\/posts"}],"about":[{"href":"https:\/\/vagas.portalemprego.com.br\/index.php?rest_route=\/wp\/v2\/types\/post"}],"author":[{"embeddable":true,"href":"https:\/\/vagas.portalemprego.com.br\/index.php?rest_route=\/wp\/v2\/users\/1"}],"replies":[{"embeddable":true,"href":"https:\/\/vagas.portalemprego.com.br\/index.php?rest_route=%2Fwp%2Fv2%2Fcomments&post=3954"}],"version-history":[{"count":0,"href":"https:\/\/vagas.portalemprego.com.br\/index.php?rest_route=\/wp\/v2\/posts\/3954\/revisions"}],"wp:attachment":[{"href":"https:\/\/vagas.portalemprego.com.br\/index.php?rest_route=%2Fwp%2Fv2%2Fmedia&parent=3954"}],"wp:term":[{"taxonomy":"category","embeddable":true,"href":"https:\/\/vagas.portalemprego.com.br\/index.php?rest_route=%2Fwp%2Fv2%2Fcategories&post=3954"},{"taxonomy":"post_tag","embeddable":true,"href":"https:\/\/vagas.portalemprego.com.br\/index.php?rest_route=%2Fwp%2Fv2%2Ftags&post=3954"}],"curies":[{"name":"wp","href":"https:\/\/api.w.org\/{rel}","templated":true}]}}