{"id":3956,"date":"2026-04-29T06:18:18","date_gmt":"2026-04-29T09:18:18","guid":{"rendered":"https:\/\/vagas.portalemprego.com.br\/?p=3956"},"modified":"2026-04-29T06:18:18","modified_gmt":"2026-04-29T09:18:18","slug":"analista-de-gestao-de-locacao-imobiliaria-administracao-rio-de-janeiro","status":"publish","type":"post","link":"https:\/\/vagas.portalemprego.com.br\/?p=3956","title":{"rendered":"Analista de Gest\u00e3o de Loca\u00e7\u00e3o Imobili\u00e1ria &#8211; Administra\u00e7\u00e3o &#8211; Rio de Janeiro"},"content":{"rendered":"<p>Estamos em busca de um(a) profissional organizado(a), proativo(a) e com excelente habilidade de comunica\u00e7\u00e3o para atuar na gest\u00e3o completa de im\u00f3veis para loca\u00e7\u00e3o, incluindo contratos tradicionais e aluguel por temporada.<br \/>\nEXPERI\u00caNCIA NO RAMO IMOBILI\u00c1RIO<br \/>\nPrincipais Responsabilidades<br \/>\nGest\u00e3o de Loca\u00e7\u00e3o<br \/>\nAtendimento a interessados e condu\u00e7\u00e3o de visitas.<br \/>\nRealiza\u00e7\u00e3o de vistorias de entrada e sa\u00edda<br \/>\nElabora\u00e7\u00e3o, confer\u00eancia e acompanhamento de contratos de loca\u00e7\u00e3o e renova\u00e7\u00f5es.<br \/>\nGarantia do cumprimento das cl\u00e1usulas contratuais.<br \/>\nGest\u00e3o Financeira<br \/>\nEmiss\u00e3o e controle de boletos de aluguel.<br \/>\nCobran\u00e7a ativa e acompanhamento de inadimpl\u00eancia.<br \/>\nControle e confer\u00eancia de encargos como IPTU, condom\u00ednio e demais taxas.<br \/>\nOrganiza\u00e7\u00e3o de relat\u00f3rios financeiros para propriet\u00e1rio.<br \/>\n Manuten\u00e7\u00e3o e Conserva\u00e7\u00e3o<br \/>\nCoordena\u00e7\u00e3o de manuten\u00e7\u00f5es preventivas e corretivas.<br \/>\nContato com prestadores de servi\u00e7o e acompanhamento de execu\u00e7\u00e3o.<br \/>\nGarantia da conserva\u00e7\u00e3o e valoriza\u00e7\u00e3o dos im\u00f3veis sob gest\u00e3o.<br \/>\nRelacionamento e Suporte<br \/>\nIntermedia\u00e7\u00e3o entre propriet\u00e1rio e locat\u00e1rio.<br \/>\nResolu\u00e7\u00e3o de conflitos, d\u00favidas contratuais e demandas operacionais.<br \/>\nAtendimento consultivo e suporte t\u00e9cnico, prezando por transpar\u00eancia e agilidade.<br \/>\nGest\u00e3o de Aluguel por Temporada<br \/>\nOrganiza\u00e7\u00e3o de check-in e check-out.<br \/>\nCoordena\u00e7\u00e3o de limpeza e prepara\u00e7\u00e3o do im\u00f3vel.<br \/>\nGest\u00e3o de calend\u00e1rio e an\u00fancios em plataformas como Airbnb e Booking.<br \/>\nMonitoramento de avalia\u00e7\u00f5es e experi\u00eancia do h\u00f3spede.<br \/>\nLocal de Trabalho:<br \/>\nBarra da Tijuca &#8211; RJ<br \/>\nModalidade de contrata\u00e7\u00e3o: PJ<\/p>\n<ul>\n<li>Local de trabalho: Rio de Janeiro, RJ<\/li>\n<li>Regime de contrata\u00e7\u00e3o de tipo: Prestador de Servi\u00e7os (PJ)<\/li>\n<li>Jornada: Per\u00edodo Integral<\/li>\n<li>\u00c1rea e especializa\u00e7\u00e3o profissional: Administra\u00e7\u00e3o &#8211; Administra\u00e7\u00e3o Geral<\/li>\n<li>N\u00edvel hier\u00e1rquico: Analista<\/li>\n<\/ul>\n<p>VALORIZADO<\/p>\n<p>Tempo de experi\u00eancia: Entre 1 e 3 anos<\/p>\n<p>Escolaridade M\u00ednima: Ensino Superior<\/p>\n","protected":false},"excerpt":{"rendered":"<p>Estamos em busca de um(a) profissional organizado(a), proativo(a) e com excelente habilidade de comunica\u00e7\u00e3o para atuar na gest\u00e3o completa de im\u00f3veis para loca\u00e7\u00e3o, incluindo contratos tradicionais e aluguel por temporada. EXPERI\u00caNCIA NO RAMO IMOBILI\u00c1RIO Principais Responsabilidades Gest\u00e3o de Loca\u00e7\u00e3o Atendimento a interessados e condu\u00e7\u00e3o de visitas. Realiza\u00e7\u00e3o de vistorias de entrada e sa\u00edda Elabora\u00e7\u00e3o, confer\u00eancia [&hellip;]<\/p>\n","protected":false},"author":1,"featured_media":0,"comment_status":"open","ping_status":"open","sticky":false,"template":"","format":"standard","meta":{"footnotes":""},"categories":[21],"tags":[],"class_list":["post-3956","post","type-post","status-publish","format-standard","hentry","category-rio-de-janeiro-rj"],"_links":{"self":[{"href":"https:\/\/vagas.portalemprego.com.br\/index.php?rest_route=\/wp\/v2\/posts\/3956","targetHints":{"allow":["GET"]}}],"collection":[{"href":"https:\/\/vagas.portalemprego.com.br\/index.php?rest_route=\/wp\/v2\/posts"}],"about":[{"href":"https:\/\/vagas.portalemprego.com.br\/index.php?rest_route=\/wp\/v2\/types\/post"}],"author":[{"embeddable":true,"href":"https:\/\/vagas.portalemprego.com.br\/index.php?rest_route=\/wp\/v2\/users\/1"}],"replies":[{"embeddable":true,"href":"https:\/\/vagas.portalemprego.com.br\/index.php?rest_route=%2Fwp%2Fv2%2Fcomments&post=3956"}],"version-history":[{"count":0,"href":"https:\/\/vagas.portalemprego.com.br\/index.php?rest_route=\/wp\/v2\/posts\/3956\/revisions"}],"wp:attachment":[{"href":"https:\/\/vagas.portalemprego.com.br\/index.php?rest_route=%2Fwp%2Fv2%2Fmedia&parent=3956"}],"wp:term":[{"taxonomy":"category","embeddable":true,"href":"https:\/\/vagas.portalemprego.com.br\/index.php?rest_route=%2Fwp%2Fv2%2Fcategories&post=3956"},{"taxonomy":"post_tag","embeddable":true,"href":"https:\/\/vagas.portalemprego.com.br\/index.php?rest_route=%2Fwp%2Fv2%2Ftags&post=3956"}],"curies":[{"name":"wp","href":"https:\/\/api.w.org\/{rel}","templated":true}]}}