{"id":3959,"date":"2026-04-29T06:18:18","date_gmt":"2026-04-29T09:18:18","guid":{"rendered":"https:\/\/vagas.portalemprego.com.br\/?p=3959"},"modified":"2026-04-29T06:18:18","modified_gmt":"2026-04-29T09:18:18","slug":"oficial-de-manutencao-pcd-pcd-construcao-manutencao-tres-rios","status":"publish","type":"post","link":"https:\/\/vagas.portalemprego.com.br\/?p=3959","title":{"rendered":"Oficial de Manuten\u00e7\u00e3o-PCD (PCD) &#8211; Constru\u00e7\u00e3o, Manuten\u00e7\u00e3o &#8211; Tr\u00eas Rios"},"content":{"rendered":"<p>H\u00e1 120 anos no Brasil, a Associa\u00e7\u00e3o Congrega\u00e7\u00e3o de Santa Catarina (ACSC) administra 19 entidades com atua\u00e7\u00e3o em sa\u00fade, educa\u00e7\u00e3o e assist\u00eancia social. S\u00e3o mais de 10,5 mil colaboradores em seis estados do pa\u00eds, sempre com a miss\u00e3o de acolher e cuidar do ser humano durante todo o ciclo da vida, oferecendo atendimento humanizado, sustent\u00e1vel e de qualidade.<\/p>\n<p>&gt;Miss\u00e3o do Cargo<br \/>\nGarantir o perfeito funcionamento dos sistemas el\u00e9tricos, hidr\u00e1ulicos, mec\u00e2nicos, eletromec\u00e2nicos, de refrigera\u00e7\u00e3o e climatiza\u00e7\u00e3o, por meio de manuten\u00e7\u00f5es preventivas e corretivas, prezando pela seguran\u00e7a, qualidade e prazos estabelecidos.<\/p>\n<p>&gt;Principais Responsabilidades<\/p>\n<p>Executar manuten\u00e7\u00e3o preventiva e corretiva em m\u00e1quinas, motores e equipamentos (ar-condicionado, refrigeradores, c\u00e2maras frias etc.);<br \/>\nOperar m\u00e1quinas e ferramentas, mantendo-as em perfeito estado e zelando pela organiza\u00e7\u00e3o do ambiente de trabalho;<br \/>\nLocalizar defeitos, substituir pe\u00e7as, realizar ajustes e soldas;<br \/>\nMonitorar funcionamento de equipamentos ap\u00f3s manuten\u00e7\u00e3o, garantindo conformidade com padr\u00f5es estabelecidos;<br \/>\nVerificar regularmente chaves el\u00e9tricas, geradores, casa de m\u00e1quinas e cabine prim\u00e1ria;<br \/>\nAvaliar diariamente n\u00edveis de O2 e N2O;<br \/>\nApoiar atividades gerais de manuten\u00e7\u00e3o.<\/p>\n<p>&gt;Requisitos T\u00e9cnicos<\/p>\n<p>Forma\u00e7\u00e3o: El\u00e9trica Predial, El\u00e9trica Industrial ou T\u00e9cnico em Eletrot\u00e9cnica;<br \/>\nCursos obrigat\u00f3rios: NR 10 e NR 35;<br \/>\nExperi\u00eancia: de 0 a 2 anos (desej\u00e1vel viv\u00eancia em manuten\u00e7\u00e3o hospitalar).<\/p>\n<p>&gt;Local de Trabalho: Tr\u00eas Rios\/RJ<\/p>\n<p>&gt;Venha fazer parte da Rede Santa Catarina e contribuir para uma institui\u00e7\u00e3o que valoriza a vida, a dignidade e a humaniza\u00e7\u00e3o em todas as suas a\u00e7\u00f5es!<\/p>\n<p>&gt;Candidate-se e cres\u00e7a conosco!<\/p>\n<ul>\n<li>Local de trabalho: Tr\u00eas Rios, RJ<\/li>\n<li>Regime de contrata\u00e7\u00e3o de tipo: Efetivo \u2013 CLT<\/li>\n<li>Jornada: Per\u00edodo Integral<\/li>\n<li>\u00c1rea e especializa\u00e7\u00e3o profissional: Constru\u00e7\u00e3o, Manuten\u00e7\u00e3o &#8211; Manuten\u00e7\u00e3o em Geral<\/li>\n<li>N\u00edvel hier\u00e1rquico: Operacional<\/li>\n<\/ul>\n<p>VALORIZADO<\/p>\n<p>Tempo de experi\u00eancia: Menos de 1 ano<\/p>\n<p>HABILIDADES<\/p>\n<ul>\n<li>organizado<\/li>\n<li>comunicativo<\/li>\n<li>bom atendimento<\/li>\n<li>experi\u00eancia para vaga<\/li>\n<li>simpatico<\/li>\n<li>educado<\/li>\n<li>Pontual<\/li>\n<\/ul>\n<p>Escolaridade M\u00ednima: Curso T\u00e9cnico<\/p>\n<p>Forma\u00e7\u00e3o desejada:<\/p>\n<ul>\n<li>Eletrot\u00e9cnica, Curso T\u00e9cnico<\/li>\n<\/ul>\n<p>Idiomas:<\/p>\n<ul>\n<li>Portugu\u00eas (Nativo)<\/li>\n<\/ul>\n<ul>\n<li>Assist\u00eancia m\u00e9dica<\/li>\n<li>GYMPASS<\/li>\n<li>CONV\u00caNIO COM SESC RJ<\/li>\n<li>Aux\u00edlio farm\u00e1cia<\/li>\n<li>Seguro de Vida<\/li>\n<li>Aux\u00edlio creche<\/li>\n<li>Vale-transporte<\/li>\n<li>UNIVERSIDADE CORPORATIVA<\/li>\n<li>Assist\u00eancia odontol\u00f3gica<\/li>\n<li>Vale-alimenta\u00e7\u00e3o<\/li>\n<li>Refei\u00e7\u00e3o no local<\/li>\n<\/ul>\n","protected":false},"excerpt":{"rendered":"<p>H\u00e1 120 anos no Brasil, a Associa\u00e7\u00e3o Congrega\u00e7\u00e3o de Santa Catarina (ACSC) administra 19 entidades com atua\u00e7\u00e3o em sa\u00fade, educa\u00e7\u00e3o e assist\u00eancia social. S\u00e3o mais de 10,5 mil colaboradores em seis estados do pa\u00eds, sempre com a miss\u00e3o de acolher e cuidar do ser humano durante todo o ciclo da vida, oferecendo atendimento humanizado, sustent\u00e1vel [&hellip;]<\/p>\n","protected":false},"author":1,"featured_media":0,"comment_status":"open","ping_status":"open","sticky":false,"template":"","format":"standard","meta":{"footnotes":""},"categories":[21],"tags":[],"class_list":["post-3959","post","type-post","status-publish","format-standard","hentry","category-rio-de-janeiro-rj"],"_links":{"self":[{"href":"https:\/\/vagas.portalemprego.com.br\/index.php?rest_route=\/wp\/v2\/posts\/3959","targetHints":{"allow":["GET"]}}],"collection":[{"href":"https:\/\/vagas.portalemprego.com.br\/index.php?rest_route=\/wp\/v2\/posts"}],"about":[{"href":"https:\/\/vagas.portalemprego.com.br\/index.php?rest_route=\/wp\/v2\/types\/post"}],"author":[{"embeddable":true,"href":"https:\/\/vagas.portalemprego.com.br\/index.php?rest_route=\/wp\/v2\/users\/1"}],"replies":[{"embeddable":true,"href":"https:\/\/vagas.portalemprego.com.br\/index.php?rest_route=%2Fwp%2Fv2%2Fcomments&post=3959"}],"version-history":[{"count":0,"href":"https:\/\/vagas.portalemprego.com.br\/index.php?rest_route=\/wp\/v2\/posts\/3959\/revisions"}],"wp:attachment":[{"href":"https:\/\/vagas.portalemprego.com.br\/index.php?rest_route=%2Fwp%2Fv2%2Fmedia&parent=3959"}],"wp:term":[{"taxonomy":"category","embeddable":true,"href":"https:\/\/vagas.portalemprego.com.br\/index.php?rest_route=%2Fwp%2Fv2%2Fcategories&post=3959"},{"taxonomy":"post_tag","embeddable":true,"href":"https:\/\/vagas.portalemprego.com.br\/index.php?rest_route=%2Fwp%2Fv2%2Ftags&post=3959"}],"curies":[{"name":"wp","href":"https:\/\/api.w.org\/{rel}","templated":true}]}}