{"id":3960,"date":"2026-04-29T06:18:18","date_gmt":"2026-04-29T09:18:18","guid":{"rendered":"https:\/\/vagas.portalemprego.com.br\/?p=3960"},"modified":"2026-04-29T06:18:18","modified_gmt":"2026-04-29T09:18:18","slug":"analista-de-marketing-marketing-rio-de-janeiro","status":"publish","type":"post","link":"https:\/\/vagas.portalemprego.com.br\/?p=3960","title":{"rendered":"Analista de Marketing &#8211; Marketing &#8211; Rio de Janeiro"},"content":{"rendered":"<p>Principais responsabilidades:<br \/>\nPlanejamento e execu\u00e7\u00e3o de a\u00e7\u00f5es de marketing e endomarketing;<br \/>\nCria\u00e7\u00e3o de conte\u00fados para redes sociais, comunica\u00e7\u00e3o interna e materiais institucionais;<br \/>\nDesenvolvimento de campanhas internas e externas;<br \/>\nVisitas e atendimento a clientes (PJ), alinhando estrat\u00e9gias e demandas;<br \/>\nApoio na constru\u00e7\u00e3o e fortalecimento da marca.<br \/>\nRequisitos:<br \/>\nExperi\u00eancia pr\u00e9via em marketing e\/ou endomarketing;<br \/>\nHabilidade em produ\u00e7\u00e3o de conte\u00fado e comunica\u00e7\u00e3o estrat\u00e9gica;<br \/>\nPerfil proativo, organizado e com boa comunica\u00e7\u00e3o;<br \/>\nDisponibilidade para visitas a clientes no RJ.<\/p>\n<ul>\n<li>Local de trabalho: Rio de Janeiro, RJ<\/li>\n<li>Regime de contrata\u00e7\u00e3o de tipo: Efetivo \u2013 CLT<\/li>\n<li>Jornada: Per\u00edodo Integral<\/li>\n<li>\u00c1rea e especializa\u00e7\u00e3o profissional: Marketing &#8211; Marketing<\/li>\n<li>N\u00edvel hier\u00e1rquico: Analista<\/li>\n<\/ul>\n<p>VALORIZADO<\/p>\n<p>Tempo de experi\u00eancia: Entre 1 e 3 anos<\/p>\n<p>Escolaridade M\u00ednima: Ensino Superior<\/p>\n<ul>\n<li>Vale transporte<\/li>\n<li>Vale refei\u00e7\u00e3o<\/li>\n<\/ul>\n<p>Sal\u00e1rio: 4000,0<\/p>\n","protected":false},"excerpt":{"rendered":"<p>Principais responsabilidades: Planejamento e execu\u00e7\u00e3o de a\u00e7\u00f5es de marketing e endomarketing; Cria\u00e7\u00e3o de conte\u00fados para redes sociais, comunica\u00e7\u00e3o interna e materiais institucionais; Desenvolvimento de campanhas internas e externas; Visitas e atendimento a clientes (PJ), alinhando estrat\u00e9gias e demandas; Apoio na constru\u00e7\u00e3o e fortalecimento da marca. Requisitos: Experi\u00eancia pr\u00e9via em marketing e\/ou endomarketing; Habilidade em produ\u00e7\u00e3o [&hellip;]<\/p>\n","protected":false},"author":1,"featured_media":0,"comment_status":"open","ping_status":"open","sticky":false,"template":"","format":"standard","meta":{"footnotes":""},"categories":[21],"tags":[],"class_list":["post-3960","post","type-post","status-publish","format-standard","hentry","category-rio-de-janeiro-rj"],"_links":{"self":[{"href":"https:\/\/vagas.portalemprego.com.br\/index.php?rest_route=\/wp\/v2\/posts\/3960","targetHints":{"allow":["GET"]}}],"collection":[{"href":"https:\/\/vagas.portalemprego.com.br\/index.php?rest_route=\/wp\/v2\/posts"}],"about":[{"href":"https:\/\/vagas.portalemprego.com.br\/index.php?rest_route=\/wp\/v2\/types\/post"}],"author":[{"embeddable":true,"href":"https:\/\/vagas.portalemprego.com.br\/index.php?rest_route=\/wp\/v2\/users\/1"}],"replies":[{"embeddable":true,"href":"https:\/\/vagas.portalemprego.com.br\/index.php?rest_route=%2Fwp%2Fv2%2Fcomments&post=3960"}],"version-history":[{"count":0,"href":"https:\/\/vagas.portalemprego.com.br\/index.php?rest_route=\/wp\/v2\/posts\/3960\/revisions"}],"wp:attachment":[{"href":"https:\/\/vagas.portalemprego.com.br\/index.php?rest_route=%2Fwp%2Fv2%2Fmedia&parent=3960"}],"wp:term":[{"taxonomy":"category","embeddable":true,"href":"https:\/\/vagas.portalemprego.com.br\/index.php?rest_route=%2Fwp%2Fv2%2Fcategories&post=3960"},{"taxonomy":"post_tag","embeddable":true,"href":"https:\/\/vagas.portalemprego.com.br\/index.php?rest_route=%2Fwp%2Fv2%2Ftags&post=3960"}],"curies":[{"name":"wp","href":"https:\/\/api.w.org\/{rel}","templated":true}]}}