{"id":3961,"date":"2026-04-29T06:18:18","date_gmt":"2026-04-29T09:18:18","guid":{"rendered":"https:\/\/vagas.portalemprego.com.br\/?p=3961"},"modified":"2026-04-29T06:18:18","modified_gmt":"2026-04-29T09:18:18","slug":"analista-de-recursos-humanos-rj-recursos-humanos-rio-de-janeiro","status":"publish","type":"post","link":"https:\/\/vagas.portalemprego.com.br\/?p=3961","title":{"rendered":"Analista de Recursos Humanos RJ &#8211; Recursos Humanos &#8211; Rio de Janeiro"},"content":{"rendered":"<p>Experi\u00eancia s\u00f3lida em rotinas de Departamento Pessoal (admiss\u00e3o, demiss\u00e3o, folha de pagamento, encargos, benef\u00edcios, controle de ponto e legisla\u00e7\u00e3o trabalhista);<br \/>\nViv\u00eancia generalista em RH;<br \/>\nDom\u00ednio de sistema de gest\u00e3o de RH (S\u00f3lides);<br \/>\nPerfil organizado, anal\u00edtico e com boa comunica\u00e7\u00e3o.<br \/>\nModelo de contrata\u00e7\u00e3o:<br \/>\nPJ ou CLT (a definir conforme alinhamento).<br \/>\nPrecisa residir no RJ, para poss\u00edveis encontros presenciais.<\/p>\n<ul>\n<li>Local de trabalho: Rio de Janeiro, RJ<\/li>\n<li>Regime de contrata\u00e7\u00e3o de tipo: Efetivo \u2013 CLT<\/li>\n<li>Jornada: Per\u00edodo Integral<\/li>\n<li>\u00c1rea e especializa\u00e7\u00e3o profissional: Recursos Humanos &#8211; Recursos Humanos (Generalista)<\/li>\n<li>N\u00edvel hier\u00e1rquico: Analista<\/li>\n<\/ul>\n<p>VALORIZADO<\/p>\n<p>Tempo de experi\u00eancia: Entre 1 e 3 anos<\/p>\n<p>Escolaridade M\u00ednima: Ensino Superior<\/p>\n<p>Forma\u00e7\u00e3o desejada:<\/p>\n<ul>\n<li>Gest\u00e3o de Recursos Humanos, Ensino Superior<\/li>\n<li>Administra\u00e7\u00e3o de empresas, Ensino Superior<\/li>\n<\/ul>\n","protected":false},"excerpt":{"rendered":"<p>Experi\u00eancia s\u00f3lida em rotinas de Departamento Pessoal (admiss\u00e3o, demiss\u00e3o, folha de pagamento, encargos, benef\u00edcios, controle de ponto e legisla\u00e7\u00e3o trabalhista); Viv\u00eancia generalista em RH; Dom\u00ednio de sistema de gest\u00e3o de RH (S\u00f3lides); Perfil organizado, anal\u00edtico e com boa comunica\u00e7\u00e3o. Modelo de contrata\u00e7\u00e3o: PJ ou CLT (a definir conforme alinhamento). Precisa residir no RJ, para poss\u00edveis [&hellip;]<\/p>\n","protected":false},"author":1,"featured_media":0,"comment_status":"open","ping_status":"open","sticky":false,"template":"","format":"standard","meta":{"footnotes":""},"categories":[21],"tags":[],"class_list":["post-3961","post","type-post","status-publish","format-standard","hentry","category-rio-de-janeiro-rj"],"_links":{"self":[{"href":"https:\/\/vagas.portalemprego.com.br\/index.php?rest_route=\/wp\/v2\/posts\/3961","targetHints":{"allow":["GET"]}}],"collection":[{"href":"https:\/\/vagas.portalemprego.com.br\/index.php?rest_route=\/wp\/v2\/posts"}],"about":[{"href":"https:\/\/vagas.portalemprego.com.br\/index.php?rest_route=\/wp\/v2\/types\/post"}],"author":[{"embeddable":true,"href":"https:\/\/vagas.portalemprego.com.br\/index.php?rest_route=\/wp\/v2\/users\/1"}],"replies":[{"embeddable":true,"href":"https:\/\/vagas.portalemprego.com.br\/index.php?rest_route=%2Fwp%2Fv2%2Fcomments&post=3961"}],"version-history":[{"count":0,"href":"https:\/\/vagas.portalemprego.com.br\/index.php?rest_route=\/wp\/v2\/posts\/3961\/revisions"}],"wp:attachment":[{"href":"https:\/\/vagas.portalemprego.com.br\/index.php?rest_route=%2Fwp%2Fv2%2Fmedia&parent=3961"}],"wp:term":[{"taxonomy":"category","embeddable":true,"href":"https:\/\/vagas.portalemprego.com.br\/index.php?rest_route=%2Fwp%2Fv2%2Fcategories&post=3961"},{"taxonomy":"post_tag","embeddable":true,"href":"https:\/\/vagas.portalemprego.com.br\/index.php?rest_route=%2Fwp%2Fv2%2Ftags&post=3961"}],"curies":[{"name":"wp","href":"https:\/\/api.w.org\/{rel}","templated":true}]}}