{"id":3966,"date":"2026-04-29T06:18:18","date_gmt":"2026-04-29T09:18:18","guid":{"rendered":"https:\/\/vagas.portalemprego.com.br\/?p=3966"},"modified":"2026-04-29T06:18:18","modified_gmt":"2026-04-29T09:18:18","slug":"operadora-de-producao-latas-vaga-afirmativa-tambem-para-o-publico-pcd-industrial-producao-fabrica-tres-rios-4","status":"publish","type":"post","link":"https:\/\/vagas.portalemprego.com.br\/?p=3966","title":{"rendered":"Operador(a) de Produ\u00e7\u00e3o &#8211; Latas &#8211; Vaga afirmativa tamb\u00e9m para o p\u00fablico PCD &#8211; Industrial, Produ\u00e7\u00e3o, F\u00e1brica &#8211; Tr\u00eas Rios"},"content":{"rendered":"<p>Responsabilidades e atribui\u00e7\u00f5es<br \/>\nEsta vaga tamb\u00e9m \u00e9 destinada a Pessoas com Defici\u00eancia (PCD). Valorizamos a diversidade e incentivamos a candidatura de profissionais de todos os perfis. Operador(a) de Produ\u00e7\u00e3o (Paletizadora): Operar os equipamentos da produ\u00e7\u00e3o, a partir da observa\u00e7\u00e3o do processo, da corre\u00e7\u00e3o de falhas, realiza\u00e7\u00e3o de testes de qualidade e dos check-lists operacionais, tendo por objetivo a maximiza\u00e7\u00e3o do desempenho dos equipamentos e o cumprimento das metas de seguran\u00e7a, qualidade e produ\u00e7\u00e3o. No ManpowerGroup, a sua carreira tem um novo rumo! Se voc\u00ea est\u00e1 em busca de crescimento, desafios e um ambiente que valoriza o seu potencial, venha fazer parte do nosso time. Aqui, cada talento \u00e9 reconhecido e valorizado. Candidate-se agora e transforme seu futuro com a gente !<br \/>\nRequisitos e qualifica\u00e7\u00f5es<br \/>\nEnsino m\u00e9dio completo; Viv\u00eancias em rotinas de fabrica\u00e7\u00e3o; Desej\u00e1vel curso t\u00e9cnico ou profissionalizante; Pacote Office. #OperadorDeProdu\u00e7\u00e3o #Paletizadora #Opera\u00e7\u00e3oDeEquipamentos #ControleDeQualidade #MetasDeSeguran\u00e7aEProdu\u00e7\u00e3o #VagasManpower<br \/>\nEmpresa<br \/>\nA Ball Corporation f\u00e1brica de solu\u00e7\u00f5es em embalagem de alum\u00ednio para bebidas, cuidados pessoais e produtos dom\u00e9sticos Eletr\u00f4nica, Eletrot\u00e9cnica, Eletromec\u00e2nica, Mecatr\u00f4nica ou Automa\u00e7\u00e3o.<\/p>\n<ul>\n<li>Local de trabalho: Tr\u00eas Rios, RJ<\/li>\n<li>Regime de contrata\u00e7\u00e3o de tipo: Tempor\u00e1rio<\/li>\n<li>Jornada: Per\u00edodo Integral<\/li>\n<li>\u00c1rea e especializa\u00e7\u00e3o profissional: Industrial, Produ\u00e7\u00e3o, F\u00e1brica &#8211; Produ\u00e7\u00e3o<\/li>\n<li>N\u00edvel hier\u00e1rquico: Operacional<\/li>\n<\/ul>\n<p>Escolaridade M\u00ednima: Ensino M\u00e9dio (2\u00ba Grau)<\/p>\n<ul>\n<li>Fretado; Refeit\u00f3rio no local; Plano de Sa\u00fade; Seguro de Vida.<\/li>\n<\/ul>\n","protected":false},"excerpt":{"rendered":"<p>Responsabilidades e atribui\u00e7\u00f5es Esta vaga tamb\u00e9m \u00e9 destinada a Pessoas com Defici\u00eancia (PCD). Valorizamos a diversidade e incentivamos a candidatura de profissionais de todos os perfis. Operador(a) de Produ\u00e7\u00e3o (Paletizadora): Operar os equipamentos da produ\u00e7\u00e3o, a partir da observa\u00e7\u00e3o do processo, da corre\u00e7\u00e3o de falhas, realiza\u00e7\u00e3o de testes de qualidade e dos check-lists operacionais, tendo [&hellip;]<\/p>\n","protected":false},"author":1,"featured_media":0,"comment_status":"open","ping_status":"open","sticky":false,"template":"","format":"standard","meta":{"footnotes":""},"categories":[21],"tags":[],"class_list":["post-3966","post","type-post","status-publish","format-standard","hentry","category-rio-de-janeiro-rj"],"_links":{"self":[{"href":"https:\/\/vagas.portalemprego.com.br\/index.php?rest_route=\/wp\/v2\/posts\/3966","targetHints":{"allow":["GET"]}}],"collection":[{"href":"https:\/\/vagas.portalemprego.com.br\/index.php?rest_route=\/wp\/v2\/posts"}],"about":[{"href":"https:\/\/vagas.portalemprego.com.br\/index.php?rest_route=\/wp\/v2\/types\/post"}],"author":[{"embeddable":true,"href":"https:\/\/vagas.portalemprego.com.br\/index.php?rest_route=\/wp\/v2\/users\/1"}],"replies":[{"embeddable":true,"href":"https:\/\/vagas.portalemprego.com.br\/index.php?rest_route=%2Fwp%2Fv2%2Fcomments&post=3966"}],"version-history":[{"count":0,"href":"https:\/\/vagas.portalemprego.com.br\/index.php?rest_route=\/wp\/v2\/posts\/3966\/revisions"}],"wp:attachment":[{"href":"https:\/\/vagas.portalemprego.com.br\/index.php?rest_route=%2Fwp%2Fv2%2Fmedia&parent=3966"}],"wp:term":[{"taxonomy":"category","embeddable":true,"href":"https:\/\/vagas.portalemprego.com.br\/index.php?rest_route=%2Fwp%2Fv2%2Fcategories&post=3966"},{"taxonomy":"post_tag","embeddable":true,"href":"https:\/\/vagas.portalemprego.com.br\/index.php?rest_route=%2Fwp%2Fv2%2Ftags&post=3966"}],"curies":[{"name":"wp","href":"https:\/\/api.w.org\/{rel}","templated":true}]}}