{"id":3973,"date":"2026-04-29T06:18:18","date_gmt":"2026-04-29T09:18:18","guid":{"rendered":"https:\/\/vagas.portalemprego.com.br\/?p=3973"},"modified":"2026-04-29T06:18:18","modified_gmt":"2026-04-29T09:18:18","slug":"estagiario-de-dp-recursos-humanos-rio-bonito","status":"publish","type":"post","link":"https:\/\/vagas.portalemprego.com.br\/?p=3973","title":{"rendered":"Estagiario de DP &#8211; Recursos Humanos &#8211; Rio Bonito"},"content":{"rendered":"<p>Escrit\u00f3rio cont\u00e1bil contrata: Estagi\u00e1rio de Departamento Pessoal<br \/>\nPr\u00e9 requisitos:<br \/>\nEnsino superior em andamento em Gest\u00e3o de RH, Ci\u00eancias Cont\u00e1beis e Administra\u00e7\u00e3o.<br \/>\nDesej\u00e1vel Pacote Office avan\u00e7ado.<br \/>\nAtividades:<br \/>\nApoio ao time da \u00e1rea de Departamento Pessoal<\/p>\n<ul>\n<li>Local de trabalho: Rio Bonito, RJ<\/li>\n<li>Regime de contrata\u00e7\u00e3o de tipo: Est\u00e1gio<\/li>\n<li>Jornada: Per\u00edodo Integral<\/li>\n<li>\u00c1rea e especializa\u00e7\u00e3o profissional: Recursos Humanos &#8211; Departamento Pessoal<\/li>\n<li>N\u00edvel hier\u00e1rquico: Estagi\u00e1rio<\/li>\n<\/ul>\n<p>Escolaridade M\u00ednima: Ensino Superior<\/p>\n<ul>\n<li>Vale-transporte<\/li>\n<\/ul>\n","protected":false},"excerpt":{"rendered":"<p>Escrit\u00f3rio cont\u00e1bil contrata: Estagi\u00e1rio de Departamento Pessoal Pr\u00e9 requisitos: Ensino superior em andamento em Gest\u00e3o de RH, Ci\u00eancias Cont\u00e1beis e Administra\u00e7\u00e3o. Desej\u00e1vel Pacote Office avan\u00e7ado. Atividades: Apoio ao time da \u00e1rea de Departamento Pessoal Local de trabalho: Rio Bonito, RJ Regime de contrata\u00e7\u00e3o de tipo: Est\u00e1gio Jornada: Per\u00edodo Integral \u00c1rea e especializa\u00e7\u00e3o profissional: Recursos Humanos [&hellip;]<\/p>\n","protected":false},"author":1,"featured_media":0,"comment_status":"open","ping_status":"open","sticky":false,"template":"","format":"standard","meta":{"footnotes":""},"categories":[21],"tags":[],"class_list":["post-3973","post","type-post","status-publish","format-standard","hentry","category-rio-de-janeiro-rj"],"_links":{"self":[{"href":"https:\/\/vagas.portalemprego.com.br\/index.php?rest_route=\/wp\/v2\/posts\/3973","targetHints":{"allow":["GET"]}}],"collection":[{"href":"https:\/\/vagas.portalemprego.com.br\/index.php?rest_route=\/wp\/v2\/posts"}],"about":[{"href":"https:\/\/vagas.portalemprego.com.br\/index.php?rest_route=\/wp\/v2\/types\/post"}],"author":[{"embeddable":true,"href":"https:\/\/vagas.portalemprego.com.br\/index.php?rest_route=\/wp\/v2\/users\/1"}],"replies":[{"embeddable":true,"href":"https:\/\/vagas.portalemprego.com.br\/index.php?rest_route=%2Fwp%2Fv2%2Fcomments&post=3973"}],"version-history":[{"count":0,"href":"https:\/\/vagas.portalemprego.com.br\/index.php?rest_route=\/wp\/v2\/posts\/3973\/revisions"}],"wp:attachment":[{"href":"https:\/\/vagas.portalemprego.com.br\/index.php?rest_route=%2Fwp%2Fv2%2Fmedia&parent=3973"}],"wp:term":[{"taxonomy":"category","embeddable":true,"href":"https:\/\/vagas.portalemprego.com.br\/index.php?rest_route=%2Fwp%2Fv2%2Fcategories&post=3973"},{"taxonomy":"post_tag","embeddable":true,"href":"https:\/\/vagas.portalemprego.com.br\/index.php?rest_route=%2Fwp%2Fv2%2Ftags&post=3973"}],"curies":[{"name":"wp","href":"https:\/\/api.w.org\/{rel}","templated":true}]}}