{"id":3980,"date":"2026-04-29T06:18:18","date_gmt":"2026-04-29T09:18:18","guid":{"rendered":"https:\/\/vagas.portalemprego.com.br\/?p=3980"},"modified":"2026-04-29T06:18:18","modified_gmt":"2026-04-29T09:18:18","slug":"arquiteto-de-solucoes-informatica-ti-telecomunicacoes-rio-de-janeiro","status":"publish","type":"post","link":"https:\/\/vagas.portalemprego.com.br\/?p=3980","title":{"rendered":"Arquiteto de Solu\u00e7\u00f5es &#8211; Inform\u00e1tica, TI, Telecomunica\u00e7\u00f5es &#8211; Rio de Janeiro"},"content":{"rendered":"<p>Atuar no desenho e defini\u00e7\u00e3o de arquiteturas de solu\u00e7\u00f5es corporativas, garantindo escalabilidade, seguran\u00e7a, performance e governan\u00e7a.<br \/>\nTraduzir requisitos de neg\u00f3cio em especifica\u00e7\u00f5es t\u00e9cnicas e modelos arquiteturais.<br \/>\nDefinir padr\u00f5es t\u00e9cnicos, boas pr\u00e1ticas e diretrizes de desenvolvimento.<br \/>\nApoiar tecnicamente equipes de desenvolvimento, dados, infraestrutura.<br \/>\nRealizar an\u00e1lise de impacto t\u00e9cnico e avalia\u00e7\u00e3o de viabilidade de solu\u00e7\u00f5es.<br \/>\nGarantir ader\u00eancia a requisitos de seguran\u00e7a, LGPD e compliance.<br \/>\nConduzir provas de conceito (PoCs) e avalia\u00e7\u00e3o de novas tecnologias.<br \/>\nAtuar na integra\u00e7\u00e3o entre sistemas legados e novas solu\u00e7\u00f5es.<br \/>\nParticipar de decis\u00f5es estrat\u00e9gicas relacionadas a cloud, dados e moderniza\u00e7\u00e3o tecnol\u00f3gica.<\/p>\n<p>Requisitos Desej\u00e1veis<br \/>\nCertifica\u00e7\u00f5es em Cloud (AWS Solutions Architect, Azure Solutions Architect, etc.).<br \/>\nConhecimento em Arquitetura de Dados.<br \/>\nExperi\u00eancia com Kubernetes e containers (Docker).<br \/>\nDom\u00ednio de padr\u00f5es arquiteturais (DDD, Clean Architecture, Event-Driven, etc.).<br \/>\nExperi\u00eancia com mensageria (Kafka, RabbitMQ ou similares).<br \/>\nConhecimento em seguran\u00e7a de aplica\u00e7\u00f5es (OAuth2, JWT, criptografia, IAM).<br \/>\nExperi\u00eancia com arquitetura para Analytics ou BI.<br \/>\nConhecimento em observabilidade (monitoramento, tracing, logging).<br \/>\n4. Soft Skills<br \/>\nForte capacidade anal\u00edtica e vis\u00e3o sist\u00eamica.<br \/>\nComunica\u00e7\u00e3o clara com \u00e1reas t\u00e9cnicas e n\u00e3o t\u00e9cnicas.<br \/>\nCapacidade de negocia\u00e7\u00e3o e tomada de decis\u00e3o.<br \/>\nLideran\u00e7a t\u00e9cnica e mentoria.<br \/>\nProatividade na identifica\u00e7\u00e3o de riscos e oportunidades.<br \/>\nOrganiza\u00e7\u00e3o e foco em documenta\u00e7\u00e3o estruturada.<br \/>\nCapacidade de prioriza\u00e7\u00e3o em ambientes complexos.<br \/>\nPensamento estrat\u00e9gico alinhado aos objetivos do neg\u00f3cio.<\/p>\n<ul>\n<li>Local de trabalho: Rio de Janeiro, RJ<\/li>\n<li>Regime de contrata\u00e7\u00e3o de tipo: Outros<\/li>\n<li>Jornada: Per\u00edodo Integral<\/li>\n<li>\u00c1rea e especializa\u00e7\u00e3o profissional: Inform\u00e1tica, TI, Telecomunica\u00e7\u00f5es &#8211; Arquitetura de Solu\u00e7\u00f5es<\/li>\n<li>N\u00edvel hier\u00e1rquico: Especialista<\/li>\n<\/ul>\n<p>Escolaridade M\u00ednima: Ensino Superior<\/p>\n","protected":false},"excerpt":{"rendered":"<p>Atuar no desenho e defini\u00e7\u00e3o de arquiteturas de solu\u00e7\u00f5es corporativas, garantindo escalabilidade, seguran\u00e7a, performance e governan\u00e7a. Traduzir requisitos de neg\u00f3cio em especifica\u00e7\u00f5es t\u00e9cnicas e modelos arquiteturais. Definir padr\u00f5es t\u00e9cnicos, boas pr\u00e1ticas e diretrizes de desenvolvimento. Apoiar tecnicamente equipes de desenvolvimento, dados, infraestrutura. Realizar an\u00e1lise de impacto t\u00e9cnico e avalia\u00e7\u00e3o de viabilidade de solu\u00e7\u00f5es. Garantir ader\u00eancia [&hellip;]<\/p>\n","protected":false},"author":1,"featured_media":0,"comment_status":"open","ping_status":"open","sticky":false,"template":"","format":"standard","meta":{"footnotes":""},"categories":[21],"tags":[],"class_list":["post-3980","post","type-post","status-publish","format-standard","hentry","category-rio-de-janeiro-rj"],"_links":{"self":[{"href":"https:\/\/vagas.portalemprego.com.br\/index.php?rest_route=\/wp\/v2\/posts\/3980","targetHints":{"allow":["GET"]}}],"collection":[{"href":"https:\/\/vagas.portalemprego.com.br\/index.php?rest_route=\/wp\/v2\/posts"}],"about":[{"href":"https:\/\/vagas.portalemprego.com.br\/index.php?rest_route=\/wp\/v2\/types\/post"}],"author":[{"embeddable":true,"href":"https:\/\/vagas.portalemprego.com.br\/index.php?rest_route=\/wp\/v2\/users\/1"}],"replies":[{"embeddable":true,"href":"https:\/\/vagas.portalemprego.com.br\/index.php?rest_route=%2Fwp%2Fv2%2Fcomments&post=3980"}],"version-history":[{"count":0,"href":"https:\/\/vagas.portalemprego.com.br\/index.php?rest_route=\/wp\/v2\/posts\/3980\/revisions"}],"wp:attachment":[{"href":"https:\/\/vagas.portalemprego.com.br\/index.php?rest_route=%2Fwp%2Fv2%2Fmedia&parent=3980"}],"wp:term":[{"taxonomy":"category","embeddable":true,"href":"https:\/\/vagas.portalemprego.com.br\/index.php?rest_route=%2Fwp%2Fv2%2Fcategories&post=3980"},{"taxonomy":"post_tag","embeddable":true,"href":"https:\/\/vagas.portalemprego.com.br\/index.php?rest_route=%2Fwp%2Fv2%2Ftags&post=3980"}],"curies":[{"name":"wp","href":"https:\/\/api.w.org\/{rel}","templated":true}]}}