{"id":3981,"date":"2026-04-29T06:18:18","date_gmt":"2026-04-29T09:18:18","guid":{"rendered":"https:\/\/vagas.portalemprego.com.br\/?p=3981"},"modified":"2026-04-29T06:18:18","modified_gmt":"2026-04-29T09:18:18","slug":"tecnico-em-manutencao-eletrica-pl-construcao-manutencao-santa-cruz","status":"publish","type":"post","link":"https:\/\/vagas.portalemprego.com.br\/?p=3981","title":{"rendered":"T\u00e9cnico em Manuten\u00e7\u00e3o El\u00e9trica Pl &#8211; Constru\u00e7\u00e3o, Manuten\u00e7\u00e3o &#8211; Santa Cruz"},"content":{"rendered":"<p>Requisitos Obrigat\u00f3rios:<br \/>\nCurso T\u00e9cnico em Eletrot\u00e9cnica, Eletroeletr\u00f4nica ou \u00e1reas correlatas (conclus\u00e3o completa).<br \/>\nExperi\u00eancia m\u00ednima de 3 a 5 anos na fun\u00e7\u00e3o (dependendo da complexidade da ind\u00fastria).<br \/>\nConhecimento aprofundado em comandos el\u00e9tricos, leitura e interpreta\u00e7\u00e3o de diagramas.<br \/>\nDom\u00ednio das normas de seguran\u00e7a (NR-10 e NR-35).<br \/>\nConhecimento do pacote Office (Word e Excel) para elabora\u00e7\u00e3o de relat\u00f3rios b\u00e1sicos.<br \/>\nDisponibilidade\u00a0para\u00a0trabalhar\u00a0em\u00a0regime\u00a0de\u00a0turno<br \/>\nDesej\u00e1veis \/ Diferenciais:<br \/>\nConhecimento em CLP (Controladores L\u00f3gico Program\u00e1veis) e inversores de frequ\u00eancia.<br \/>\nExperi\u00eancia com manuten\u00e7\u00e3o em ind\u00fastrias de segmentos espec\u00edficos (ex: minera\u00e7\u00e3o, agroneg\u00f3cio, manufatura).<br \/>\nCurso de NR-10 atualizado (com reciclagem nos \u00faltimos 2 anos).<\/p>\n<ul>\n<li>Local de trabalho: Santa Cruz, RJ<\/li>\n<li>Regime de contrata\u00e7\u00e3o de tipo: Efetivo \u2013 CLT<\/li>\n<li>Jornada: Per\u00edodo Integral<\/li>\n<li>\u00c1rea e especializa\u00e7\u00e3o profissional: Constru\u00e7\u00e3o, Manuten\u00e7\u00e3o &#8211; Eletricista \/ Manuten\u00e7\u00e3o El\u00e9trica<\/li>\n<li>N\u00edvel hier\u00e1rquico: Operacional<\/li>\n<\/ul>\n<p>VALORIZADO<\/p>\n<p>Tempo de experi\u00eancia: Entre 5 e 10 anos<\/p>\n<p>Escolaridade M\u00ednima: Curso T\u00e9cnico<\/p>\n<p>Forma\u00e7\u00e3o desejada:<\/p>\n<ul>\n<li>Eletroeletr\u00f4nica, Curso T\u00e9cnico<\/li>\n<li>Eletrot\u00e9cnica, Curso T\u00e9cnico<\/li>\n<\/ul>\n<p>Sal\u00e1rio: 4200,0<\/p>\n","protected":false},"excerpt":{"rendered":"<p>Requisitos Obrigat\u00f3rios: Curso T\u00e9cnico em Eletrot\u00e9cnica, Eletroeletr\u00f4nica ou \u00e1reas correlatas (conclus\u00e3o completa). Experi\u00eancia m\u00ednima de 3 a 5 anos na fun\u00e7\u00e3o (dependendo da complexidade da ind\u00fastria). Conhecimento aprofundado em comandos el\u00e9tricos, leitura e interpreta\u00e7\u00e3o de diagramas. Dom\u00ednio das normas de seguran\u00e7a (NR-10 e NR-35). Conhecimento do pacote Office (Word e Excel) para elabora\u00e7\u00e3o de relat\u00f3rios [&hellip;]<\/p>\n","protected":false},"author":1,"featured_media":0,"comment_status":"open","ping_status":"open","sticky":false,"template":"","format":"standard","meta":{"footnotes":""},"categories":[21],"tags":[],"class_list":["post-3981","post","type-post","status-publish","format-standard","hentry","category-rio-de-janeiro-rj"],"_links":{"self":[{"href":"https:\/\/vagas.portalemprego.com.br\/index.php?rest_route=\/wp\/v2\/posts\/3981","targetHints":{"allow":["GET"]}}],"collection":[{"href":"https:\/\/vagas.portalemprego.com.br\/index.php?rest_route=\/wp\/v2\/posts"}],"about":[{"href":"https:\/\/vagas.portalemprego.com.br\/index.php?rest_route=\/wp\/v2\/types\/post"}],"author":[{"embeddable":true,"href":"https:\/\/vagas.portalemprego.com.br\/index.php?rest_route=\/wp\/v2\/users\/1"}],"replies":[{"embeddable":true,"href":"https:\/\/vagas.portalemprego.com.br\/index.php?rest_route=%2Fwp%2Fv2%2Fcomments&post=3981"}],"version-history":[{"count":0,"href":"https:\/\/vagas.portalemprego.com.br\/index.php?rest_route=\/wp\/v2\/posts\/3981\/revisions"}],"wp:attachment":[{"href":"https:\/\/vagas.portalemprego.com.br\/index.php?rest_route=%2Fwp%2Fv2%2Fmedia&parent=3981"}],"wp:term":[{"taxonomy":"category","embeddable":true,"href":"https:\/\/vagas.portalemprego.com.br\/index.php?rest_route=%2Fwp%2Fv2%2Fcategories&post=3981"},{"taxonomy":"post_tag","embeddable":true,"href":"https:\/\/vagas.portalemprego.com.br\/index.php?rest_route=%2Fwp%2Fv2%2Ftags&post=3981"}],"curies":[{"name":"wp","href":"https:\/\/api.w.org\/{rel}","templated":true}]}}