{"id":3982,"date":"2026-04-29T06:18:18","date_gmt":"2026-04-29T09:18:18","guid":{"rendered":"https:\/\/vagas.portalemprego.com.br\/?p=3982"},"modified":"2026-04-29T06:18:18","modified_gmt":"2026-04-29T09:18:18","slug":"assessora-assistente-pessoal-bilingue-administracao-rio-de-janeiro","status":"publish","type":"post","link":"https:\/\/vagas.portalemprego.com.br\/?p=3982","title":{"rendered":"Assessora\/Assistente Pessoal Bil\u00edngue &#8211; Administra\u00e7\u00e3o &#8211; Rio de Janeiro"},"content":{"rendered":"<p>Finalidade da Fun\u00e7\u00e3o<br \/>\nPrestar assessoria direta \u00e0 alta gest\u00e3o, assegurando a organiza\u00e7\u00e3o das rotinas administrativas, apoio operacional e acompanhamento de controles b\u00e1sicos, com elevado n\u00edvel de confidencialidade, discri\u00e7\u00e3o e profissionalismo.<br \/>\nPrincipais Atividades<br \/>\nApoio administrativo e executivo \u00e0s demandas da lideran\u00e7a.<br \/>\nOrganiza\u00e7\u00e3o de agendas, compromissos, reuni\u00f5es e arquivos f\u00edsicos e digitais.<br \/>\nAcompanhamento de controles financeiros elementares, incluindo registros banc\u00e1rios e livro caixa, em interface com a \u00e1rea cont\u00e1bil respons\u00e1vel.<br \/>\nElabora\u00e7\u00e3o, revis\u00e3o e manuten\u00e7\u00e3o de relat\u00f3rios, planilhas e documentos por meio das ferramentas do Pacote Office.<br \/>\nComunica\u00e7\u00e3o oral e escrita em ingl\u00eas, quando necess\u00e1rio.<br \/>\nSuporte a demandas pontuais externas e disponibilidade para deslocamentos de curta dura\u00e7\u00e3o.<br \/>\nRequisitos T\u00e9cnicos<br \/>\nConhecimento avan\u00e7ado nas ferramentas do Pacote Office.<br \/>\nIngl\u00eas em n\u00edvel avan\u00e7ado, falado e escrito.<br \/>\nViv\u00eancia com rotinas administrativas financeiras e controles b\u00e1sicos.<br \/>\nFlexibilidade para viagens ocasionais.<br \/>\nDisponibilidade de hor\u00e1rio de segunda a sexta-feira, das 9h \u00e0s 18h30, com eventuais demandas aos s\u00e1bados, respeitando a legisla\u00e7\u00e3o vigente, mediante compensa\u00e7\u00e3o ou pagamento adicional.<br \/>\nCompet\u00eancias Comportamentais<br \/>\nPostura proativa e senso de iniciativa.<br \/>\nAgilidade e autonomia na condu\u00e7\u00e3o de demandas cotidianas.<br \/>\nAlto n\u00edvel de organiza\u00e7\u00e3o e gest\u00e3o de prioridades.<br \/>\nComunica\u00e7\u00e3o clara, objetiva e assertiva.<br \/>\nApresenta\u00e7\u00e3o pessoal adequada e condizente com ambientes executivos.<br \/>\nModelo de Contrata\u00e7\u00e3o<br \/>\nRegime: Pessoa Jur\u00eddica (PJ).<br \/>\nConsidera\u00e7\u00f5es Gerais<br \/>\nPosi\u00e7\u00e3o de car\u00e1ter estrat\u00e9gico e reservado, indicada para profissionais com maturidade, confiabilidade e capacidade de atuar em contextos que demandam sigilo absoluto e alinhamento com padr\u00f5es elevados de governan\u00e7a.<\/p>\n<ul>\n<li>Local de trabalho: Rio de Janeiro, RJ<\/li>\n<li>Regime de contrata\u00e7\u00e3o de tipo: Prestador de Servi\u00e7os (PJ)<\/li>\n<li>Jornada: Per\u00edodo Integral<\/li>\n<li>\u00c1rea e especializa\u00e7\u00e3o profissional: Administra\u00e7\u00e3o &#8211; Secretariado<\/li>\n<li>N\u00edvel hier\u00e1rquico: Assistente<\/li>\n<\/ul>\n<p>VALORIZADO<\/p>\n<p>Tempo de experi\u00eancia: Entre 1 e 3 anos<\/p>\n<p>Escolaridade M\u00ednima: Ensino Superior<\/p>\n<p>Forma\u00e7\u00e3o desejada:<\/p>\n<ul>\n<li>Secretariado, Ensino Superior<\/li>\n<\/ul>\n","protected":false},"excerpt":{"rendered":"<p>Finalidade da Fun\u00e7\u00e3o Prestar assessoria direta \u00e0 alta gest\u00e3o, assegurando a organiza\u00e7\u00e3o das rotinas administrativas, apoio operacional e acompanhamento de controles b\u00e1sicos, com elevado n\u00edvel de confidencialidade, discri\u00e7\u00e3o e profissionalismo. Principais Atividades Apoio administrativo e executivo \u00e0s demandas da lideran\u00e7a. Organiza\u00e7\u00e3o de agendas, compromissos, reuni\u00f5es e arquivos f\u00edsicos e digitais. Acompanhamento de controles financeiros elementares, [&hellip;]<\/p>\n","protected":false},"author":1,"featured_media":0,"comment_status":"open","ping_status":"open","sticky":false,"template":"","format":"standard","meta":{"footnotes":""},"categories":[21],"tags":[],"class_list":["post-3982","post","type-post","status-publish","format-standard","hentry","category-rio-de-janeiro-rj"],"_links":{"self":[{"href":"https:\/\/vagas.portalemprego.com.br\/index.php?rest_route=\/wp\/v2\/posts\/3982","targetHints":{"allow":["GET"]}}],"collection":[{"href":"https:\/\/vagas.portalemprego.com.br\/index.php?rest_route=\/wp\/v2\/posts"}],"about":[{"href":"https:\/\/vagas.portalemprego.com.br\/index.php?rest_route=\/wp\/v2\/types\/post"}],"author":[{"embeddable":true,"href":"https:\/\/vagas.portalemprego.com.br\/index.php?rest_route=\/wp\/v2\/users\/1"}],"replies":[{"embeddable":true,"href":"https:\/\/vagas.portalemprego.com.br\/index.php?rest_route=%2Fwp%2Fv2%2Fcomments&post=3982"}],"version-history":[{"count":0,"href":"https:\/\/vagas.portalemprego.com.br\/index.php?rest_route=\/wp\/v2\/posts\/3982\/revisions"}],"wp:attachment":[{"href":"https:\/\/vagas.portalemprego.com.br\/index.php?rest_route=%2Fwp%2Fv2%2Fmedia&parent=3982"}],"wp:term":[{"taxonomy":"category","embeddable":true,"href":"https:\/\/vagas.portalemprego.com.br\/index.php?rest_route=%2Fwp%2Fv2%2Fcategories&post=3982"},{"taxonomy":"post_tag","embeddable":true,"href":"https:\/\/vagas.portalemprego.com.br\/index.php?rest_route=%2Fwp%2Fv2%2Ftags&post=3982"}],"curies":[{"name":"wp","href":"https:\/\/api.w.org\/{rel}","templated":true}]}}