{"id":3983,"date":"2026-04-29T06:19:19","date_gmt":"2026-04-29T09:19:19","guid":{"rendered":"https:\/\/vagas.portalemprego.com.br\/?p=3983"},"modified":"2026-04-29T06:19:19","modified_gmt":"2026-04-29T09:19:19","slug":"operadora-de-loja-pcd-bonsucesso-rj-comercial-vendas-rio-de-janeiro","status":"publish","type":"post","link":"https:\/\/vagas.portalemprego.com.br\/?p=3983","title":{"rendered":"Operador(a) de Loja (PcD) &#8211; Bonsucesso\/RJ &#8211; Comercial, Vendas &#8211; Rio de Janeiro"},"content":{"rendered":"<p>Trabalhamos para voc\u00ea ser mais voc\u00ea em todos os momentos, come\u00e7ando pela sua carreira. Se voc\u00ea se identifica conosco e procura uma empresa, acima de tudo, apaixonada por pessoas, #VemPraC&amp;A! ??<\/p>\n<p>VAGA AFIRMATIVA EXCLUSIVA PARA PESSOAS COM DEFICI\u00caNCIA (PcD)<\/p>\n<p>Principais Responsabilidades:<br \/>\n&#8211; Atendimento ao cliente;<br \/>\n&#8211; Arruma\u00e7\u00e3o das pe\u00e7as na loja;<br \/>\n&#8211; Apoio com vendas;<br \/>\n&#8211; Gest\u00e3o de estoque.<\/p>\n<p>Requisitos:<br \/>\n&#8211; Disponibilidade de hor\u00e1rio para trabalhar em escala 6X1.<\/p>\n<ul>\n<li>Local de trabalho: Rio de Janeiro, RJ<\/li>\n<li>Regime de contrata\u00e7\u00e3o de tipo: Efetivo \u2013 CLT<\/li>\n<li>Jornada: Per\u00edodo Integral<\/li>\n<li>\u00c1rea e especializa\u00e7\u00e3o profissional: Comercial, Vendas &#8211; Lojas \/ Shopping<\/li>\n<li>N\u00edvel hier\u00e1rquico: Operacional<\/li>\n<\/ul>\n<p>VALORIZADO<\/p>\n<p>Tempo de experi\u00eancia: Sem experi\u00eancia<\/p>\n<p>Escolaridade M\u00ednima: Ensino M\u00e9dio (2\u00ba Grau)<\/p>\n<ul>\n<li>Plano de carreira<\/li>\n<li>Day off &#8211; folga de anivers\u00e1rio<\/li>\n<li>\u00c1rea de conviv\u00eancia: refeit\u00f3rio e vesti\u00e1rio<\/li>\n<li>Apoio jur\u00eddico, social e psicol\u00f3gico<\/li>\n<li>Conv\u00eanio Farm\u00e1cia<\/li>\n<li>Conv\u00eanio Sesc<\/li>\n<li>Vale-Refei\u00e7\u00e3o<\/li>\n<li>Assist\u00eancia m\u00e9dica e odontol\u00f3gica (ap\u00f3s 12 meses)<\/li>\n<li>Participa\u00e7\u00e3o nos lucros<\/li>\n<li>Desconto de 20% nos produtos C&amp;A<\/li>\n<li>Telemedicina e Teleterapias<\/li>\n<li>Vale-Transporte<\/li>\n<li>Gympass<\/li>\n<\/ul>\n","protected":false},"excerpt":{"rendered":"<p>Trabalhamos para voc\u00ea ser mais voc\u00ea em todos os momentos, come\u00e7ando pela sua carreira. Se voc\u00ea se identifica conosco e procura uma empresa, acima de tudo, apaixonada por pessoas, #VemPraC&amp;A! ?? VAGA AFIRMATIVA EXCLUSIVA PARA PESSOAS COM DEFICI\u00caNCIA (PcD) Principais Responsabilidades: &#8211; Atendimento ao cliente; &#8211; Arruma\u00e7\u00e3o das pe\u00e7as na loja; &#8211; Apoio com vendas; [&hellip;]<\/p>\n","protected":false},"author":1,"featured_media":0,"comment_status":"open","ping_status":"open","sticky":false,"template":"","format":"standard","meta":{"footnotes":""},"categories":[21],"tags":[],"class_list":["post-3983","post","type-post","status-publish","format-standard","hentry","category-rio-de-janeiro-rj"],"_links":{"self":[{"href":"https:\/\/vagas.portalemprego.com.br\/index.php?rest_route=\/wp\/v2\/posts\/3983","targetHints":{"allow":["GET"]}}],"collection":[{"href":"https:\/\/vagas.portalemprego.com.br\/index.php?rest_route=\/wp\/v2\/posts"}],"about":[{"href":"https:\/\/vagas.portalemprego.com.br\/index.php?rest_route=\/wp\/v2\/types\/post"}],"author":[{"embeddable":true,"href":"https:\/\/vagas.portalemprego.com.br\/index.php?rest_route=\/wp\/v2\/users\/1"}],"replies":[{"embeddable":true,"href":"https:\/\/vagas.portalemprego.com.br\/index.php?rest_route=%2Fwp%2Fv2%2Fcomments&post=3983"}],"version-history":[{"count":0,"href":"https:\/\/vagas.portalemprego.com.br\/index.php?rest_route=\/wp\/v2\/posts\/3983\/revisions"}],"wp:attachment":[{"href":"https:\/\/vagas.portalemprego.com.br\/index.php?rest_route=%2Fwp%2Fv2%2Fmedia&parent=3983"}],"wp:term":[{"taxonomy":"category","embeddable":true,"href":"https:\/\/vagas.portalemprego.com.br\/index.php?rest_route=%2Fwp%2Fv2%2Fcategories&post=3983"},{"taxonomy":"post_tag","embeddable":true,"href":"https:\/\/vagas.portalemprego.com.br\/index.php?rest_route=%2Fwp%2Fv2%2Ftags&post=3983"}],"curies":[{"name":"wp","href":"https:\/\/api.w.org\/{rel}","templated":true}]}}