{"id":3987,"date":"2026-04-29T06:19:19","date_gmt":"2026-04-29T09:19:19","guid":{"rendered":"https:\/\/vagas.portalemprego.com.br\/?p=3987"},"modified":"2026-04-29T06:19:19","modified_gmt":"2026-04-29T09:19:19","slug":"analista-fiscal-senior-contabil-financas-economia-rio-de-janeiro-2","status":"publish","type":"post","link":"https:\/\/vagas.portalemprego.com.br\/?p=3987","title":{"rendered":"Analista Fiscal S\u00eanior &#8211; Cont\u00e1bil, Finan\u00e7as, Economia &#8211; Rio de Janeiro"},"content":{"rendered":"<p>Perfil<br \/>\nEstamos em busca de um(a) Analista Fiscal S\u00eanior com s\u00f3lida experi\u00eancia em escrit\u00f3rio de contabilidade, perfil anal\u00edtico e vis\u00e3o estrat\u00e9gica para atuar de forma consultiva e t\u00e9cnica na \u00e1rea tribut\u00e1ria.<\/p>\n<p>Atividades Desenvolvidas<br \/>\nRealizar a apura\u00e7\u00e3o de tributos diretos e indiretos nos regimes Lucro Real, Lucro Presumido e Simples Nacional;<br \/>\nAnalisar, classificar e validar documentos fiscais (NF-e, NFC-e, CT-e), assegurando correto enquadramento de CFOP, CST, CSOSN, NCM e al\u00edquotas;<br \/>\nExecutar e revisar obriga\u00e7\u00f5es acess\u00f3rias como: EFD ICMS\/IPI, EFD Contribui\u00e7\u00f5es, DCTF, ECF, ECD, PER\/DCOMP, entre outras;<br \/>\nConduzir an\u00e1lises tribut\u00e1rias avan\u00e7adas, identificando riscos, oportunidades de cr\u00e9ditos, incentivos fiscais e possibilidades de recupera\u00e7\u00e3o tribut\u00e1ria;<br \/>\nAtuar como refer\u00eancia t\u00e9cnica para analistas juniores e plenos, orientando e revisando rotinas;<br \/>\nAcompanhar e interpretar altera\u00e7\u00f5es na legisla\u00e7\u00e3o tribut\u00e1ria federal, estadual e municipal, incluindo impactos da Reforma Tribut\u00e1ria;<br \/>\nAtender fiscaliza\u00e7\u00f5es, auditorias e demandas de \u00f3rg\u00e3os fiscalizadores, elaborando defesas e esclarecimentos t\u00e9cnicos;<br \/>\nGarantir controle de prazos, envio de guias e cumprimento das obriga\u00e7\u00f5es legais;<br \/>\nApoiar \u00e1reas internas e clientes com pareceres t\u00e9cnicos e orienta\u00e7\u00f5es fiscais.<\/p>\n<p>Requisitos Indispens\u00e1veis<br \/>\nSuperior completo em Ci\u00eancias Cont\u00e1beis;<br \/>\nCRC ativo;<br \/>\nExperi\u00eancia s\u00f3lida na \u00e1rea fiscal\/tribut\u00e1ria;<br \/>\nDom\u00ednio dos regimes Lucro Real e Lucro Presumido;<br \/>\nConhecimento avan\u00e7ado em legisla\u00e7\u00e3o tribut\u00e1ria e obriga\u00e7\u00f5es acess\u00f3rias;<br \/>\nViv\u00eancia com sistemas fiscais e ERPs;<br \/>\nExperi\u00eancia consistente em escrit\u00f3rio de contabilidade;<br \/>\nExcel intermedi\u00e1rio\/avan\u00e7ado.<\/p>\n<p>Requisitos Desej\u00e1veis<br \/>\nP\u00f3s-gradua\u00e7\u00e3o ou especializa\u00e7\u00e3o em Direito Tribut\u00e1rio ou \u00e1reas correlatas;<br \/>\nViv\u00eancia em projetos de automa\u00e7\u00e3o ou melhoria de processos fiscais;<br \/>\nResidir com f\u00e1cil acesso ao bairro da Taquara.<\/p>\n<p>Compet\u00eancias Comportamentais<br \/>\nVis\u00e3o anal\u00edtica e estrat\u00e9gica;<br \/>\nComunica\u00e7\u00e3o clara e postura consultiva;<br \/>\nOrganiza\u00e7\u00e3o, foco em prazos e aten\u00e7\u00e3o aos detalhes;<br \/>\nProatividade e senso de responsabilidade;<br \/>\nLideran\u00e7a t\u00e9cnica e colabora\u00e7\u00e3o em equipe;<br \/>\nCapacidade de tomada de decis\u00e3o e vis\u00e3o cr\u00edtica;<br \/>\nInteresse cont\u00ednuo por atualiza\u00e7\u00e3o legislativa.<\/p>\n<p>Modelo: 100% Presencial<br \/>\nJornada: Segunda a sexta-feira<br \/>\nHor\u00e1rio: Comercial<\/p>\n<ul>\n<li>N\u00famero de vagas: 2<\/li>\n<li>Local de trabalho: Rio de Janeiro, RJ<\/li>\n<li>Regime de contrata\u00e7\u00e3o de tipo: Efetivo \u2013 CLT<\/li>\n<li>Jornada: Per\u00edodo Integral<\/li>\n<li>\u00c1rea e especializa\u00e7\u00e3o profissional: Cont\u00e1bil, Finan\u00e7as, Economia &#8211; Fiscal<\/li>\n<li>N\u00edvel hier\u00e1rquico: Analista<\/li>\n<\/ul>\n<p>VALORIZADO<\/p>\n<p>Tempo de experi\u00eancia: Entre 1 e 3 anos<\/p>\n<p>Escolaridade M\u00ednima: Ensino Superior<\/p>\n<ul>\n<li>Vale-transporte<\/li>\n<li>Vale-alimenta\u00e7\u00e3o<\/li>\n<li>plano de sa\u00fade<\/li>\n<li>Seguro de Vida<\/li>\n<li>plano odontologico<\/li>\n<\/ul>\n","protected":false},"excerpt":{"rendered":"<p>Perfil Estamos em busca de um(a) Analista Fiscal S\u00eanior com s\u00f3lida experi\u00eancia em escrit\u00f3rio de contabilidade, perfil anal\u00edtico e vis\u00e3o estrat\u00e9gica para atuar de forma consultiva e t\u00e9cnica na \u00e1rea tribut\u00e1ria. Atividades Desenvolvidas Realizar a apura\u00e7\u00e3o de tributos diretos e indiretos nos regimes Lucro Real, Lucro Presumido e Simples Nacional; Analisar, classificar e validar documentos [&hellip;]<\/p>\n","protected":false},"author":1,"featured_media":0,"comment_status":"open","ping_status":"open","sticky":false,"template":"","format":"standard","meta":{"footnotes":""},"categories":[21],"tags":[],"class_list":["post-3987","post","type-post","status-publish","format-standard","hentry","category-rio-de-janeiro-rj"],"_links":{"self":[{"href":"https:\/\/vagas.portalemprego.com.br\/index.php?rest_route=\/wp\/v2\/posts\/3987","targetHints":{"allow":["GET"]}}],"collection":[{"href":"https:\/\/vagas.portalemprego.com.br\/index.php?rest_route=\/wp\/v2\/posts"}],"about":[{"href":"https:\/\/vagas.portalemprego.com.br\/index.php?rest_route=\/wp\/v2\/types\/post"}],"author":[{"embeddable":true,"href":"https:\/\/vagas.portalemprego.com.br\/index.php?rest_route=\/wp\/v2\/users\/1"}],"replies":[{"embeddable":true,"href":"https:\/\/vagas.portalemprego.com.br\/index.php?rest_route=%2Fwp%2Fv2%2Fcomments&post=3987"}],"version-history":[{"count":0,"href":"https:\/\/vagas.portalemprego.com.br\/index.php?rest_route=\/wp\/v2\/posts\/3987\/revisions"}],"wp:attachment":[{"href":"https:\/\/vagas.portalemprego.com.br\/index.php?rest_route=%2Fwp%2Fv2%2Fmedia&parent=3987"}],"wp:term":[{"taxonomy":"category","embeddable":true,"href":"https:\/\/vagas.portalemprego.com.br\/index.php?rest_route=%2Fwp%2Fv2%2Fcategories&post=3987"},{"taxonomy":"post_tag","embeddable":true,"href":"https:\/\/vagas.portalemprego.com.br\/index.php?rest_route=%2Fwp%2Fv2%2Ftags&post=3987"}],"curies":[{"name":"wp","href":"https:\/\/api.w.org\/{rel}","templated":true}]}}