{"id":3995,"date":"2026-04-29T06:19:19","date_gmt":"2026-04-29T09:19:19","guid":{"rendered":"https:\/\/vagas.portalemprego.com.br\/?p=3995"},"modified":"2026-04-29T06:19:19","modified_gmt":"2026-04-29T09:19:19","slug":"gerente-financeira-junior-contabil-financas-economia-rio-de-janeiro","status":"publish","type":"post","link":"https:\/\/vagas.portalemprego.com.br\/?p=3995","title":{"rendered":"Gerente Financeira J\u00fanior &#8211; Cont\u00e1bil, Finan\u00e7as, Economia &#8211; Rio de Janeiro"},"content":{"rendered":"<p>Miss\u00e3o do cargo:<br \/>\nGarantir a organiza\u00e7\u00e3o, controle e previsibilidade financeira, atuando de forma pr\u00f3xima \u00e0 opera\u00e7\u00e3o e apoiando o crescimento sustent\u00e1vel do neg\u00f3cio.<br \/>\nRequisitos:<br \/>\n\u2022 Forte dom\u00ednio de controles financeiros e rotinas<br \/>\n\u2022 Boa comunica\u00e7\u00e3o com \u00e1reas n\u00e3o financeiras<br \/>\n \u2022 Forma\u00e7\u00e3o em Administra\u00e7\u00e3o, Economia, Contabilidade ou \u00e1reas correlatas <\/p>\n<p>Principais Responsabilidades:<br \/>\n1. Gest\u00e3o Financeira Operacional<br \/>\n\u2022 Supervisionar e, quando necess\u00e1rio, executar rotinas de contas a pagar e receber<br \/>\n \u2022 Validar programa\u00e7\u00e3o semanal de pagamentos<br \/>\n\u2022 Garantir concilia\u00e7\u00e3o banc\u00e1ria di\u00e1ria\/semanal<br \/>\n\u2022 Acompanhar inadimpl\u00eancia e definir planos de cobran\u00e7a<br \/>\n \u2022 Monitorar saldos, aplica\u00e7\u00f5es e necessidades de caixa <\/p>\n<p>2. Fluxo de Caixa e Controle Financeiro<br \/>\n\u2022 Elaborar e atualizar fluxo de caixa di\u00e1rio, semanal e mensal<br \/>\n \u2022 Analisar varia\u00e7\u00f5es entre previsto x realizado<br \/>\n \u2022 Antecipar riscos de caixa e propor ajustes operacionais<br \/>\n\u2022 Apoiar decis\u00f5es de curto prazo (parcelamentos, renegocia\u00e7\u00f5es, prioriza\u00e7\u00e3o de pagamentos)<\/p>\n<p> 3. Fechamento Financeiro e Relat\u00f3rios<br \/>\n\u2022 Coordenar fechamento financeiro mensal<br \/>\n\u2022 Garantir consist\u00eancia entre financeiro, cont\u00e1bil e fiscal<br \/>\n\u2022 Preparar relat\u00f3rios gerenciais de Resultado o Custos e despesas o Margem por produto\/servi\u00e7o<br \/>\n\u2022 Apresentar resultados financeiros para diretoria\/CEO<br \/>\n\u2022\u00a0Or\u00e7amento (Budget) e Acompanhamento<br \/>\n\u2022 Apoiar a constru\u00e7\u00e3o do or\u00e7amento anual<br \/>\n\u2022 Realizar acompanhamento mensal do budget<br \/>\n\u2022 Identificar desvios e propor planos de corre\u00e7\u00e3o<br \/>\n\u2022 Controlar centros de custo <\/p>\n<p>4.Rela\u00e7\u00e3o com o mercado na obten\u00e7\u00e3o de funding.<\/p>\n<p>Barra da Tijuca &#8211; RJ<br \/>\nModalidade de contrata\u00e7\u00e3o: PJ<\/p>\n<ul>\n<li>Local de trabalho: Rio de Janeiro, RJ<\/li>\n<li>Regime de contrata\u00e7\u00e3o de tipo: Prestador de Servi\u00e7os (PJ)<\/li>\n<li>Jornada: Per\u00edodo Integral<\/li>\n<li>\u00c1rea e especializa\u00e7\u00e3o profissional: Cont\u00e1bil, Finan\u00e7as, Economia &#8211; Finan\u00e7as<\/li>\n<li>N\u00edvel hier\u00e1rquico: Gerente<\/li>\n<\/ul>\n<p>VALORIZADO<\/p>\n<p>Tempo de experi\u00eancia: Entre 1 e 3 anos<\/p>\n<p>Escolaridade M\u00ednima: Ensino Superior<\/p>\n","protected":false},"excerpt":{"rendered":"<p>Miss\u00e3o do cargo: Garantir a organiza\u00e7\u00e3o, controle e previsibilidade financeira, atuando de forma pr\u00f3xima \u00e0 opera\u00e7\u00e3o e apoiando o crescimento sustent\u00e1vel do neg\u00f3cio. Requisitos: \u2022 Forte dom\u00ednio de controles financeiros e rotinas \u2022 Boa comunica\u00e7\u00e3o com \u00e1reas n\u00e3o financeiras \u2022 Forma\u00e7\u00e3o em Administra\u00e7\u00e3o, Economia, Contabilidade ou \u00e1reas correlatas Principais Responsabilidades: 1. Gest\u00e3o Financeira Operacional \u2022 [&hellip;]<\/p>\n","protected":false},"author":1,"featured_media":0,"comment_status":"open","ping_status":"open","sticky":false,"template":"","format":"standard","meta":{"footnotes":""},"categories":[21],"tags":[],"class_list":["post-3995","post","type-post","status-publish","format-standard","hentry","category-rio-de-janeiro-rj"],"_links":{"self":[{"href":"https:\/\/vagas.portalemprego.com.br\/index.php?rest_route=\/wp\/v2\/posts\/3995","targetHints":{"allow":["GET"]}}],"collection":[{"href":"https:\/\/vagas.portalemprego.com.br\/index.php?rest_route=\/wp\/v2\/posts"}],"about":[{"href":"https:\/\/vagas.portalemprego.com.br\/index.php?rest_route=\/wp\/v2\/types\/post"}],"author":[{"embeddable":true,"href":"https:\/\/vagas.portalemprego.com.br\/index.php?rest_route=\/wp\/v2\/users\/1"}],"replies":[{"embeddable":true,"href":"https:\/\/vagas.portalemprego.com.br\/index.php?rest_route=%2Fwp%2Fv2%2Fcomments&post=3995"}],"version-history":[{"count":0,"href":"https:\/\/vagas.portalemprego.com.br\/index.php?rest_route=\/wp\/v2\/posts\/3995\/revisions"}],"wp:attachment":[{"href":"https:\/\/vagas.portalemprego.com.br\/index.php?rest_route=%2Fwp%2Fv2%2Fmedia&parent=3995"}],"wp:term":[{"taxonomy":"category","embeddable":true,"href":"https:\/\/vagas.portalemprego.com.br\/index.php?rest_route=%2Fwp%2Fv2%2Fcategories&post=3995"},{"taxonomy":"post_tag","embeddable":true,"href":"https:\/\/vagas.portalemprego.com.br\/index.php?rest_route=%2Fwp%2Fv2%2Ftags&post=3995"}],"curies":[{"name":"wp","href":"https:\/\/api.w.org\/{rel}","templated":true}]}}