{"id":3996,"date":"2026-04-29T06:19:19","date_gmt":"2026-04-29T09:19:19","guid":{"rendered":"https:\/\/vagas.portalemprego.com.br\/?p=3996"},"modified":"2026-04-29T06:19:19","modified_gmt":"2026-04-29T09:19:19","slug":"controller-financeiro-contabil-financas-economia-rio-de-janeiro","status":"publish","type":"post","link":"https:\/\/vagas.portalemprego.com.br\/?p=3996","title":{"rendered":"Controller Financeiro &#8211; Cont\u00e1bil, Finan\u00e7as, Economia &#8211; Rio de Janeiro"},"content":{"rendered":"<p>Miss\u00e3o do cargo:<br \/>\nO Controller \u00e9 respons\u00e1vel por garantir a integridade das informa\u00e7\u00f5es financeiras da empresa, assegurando conformidade cont\u00e1bil, efici\u00eancia nos processos internos e suporte estrat\u00e9gico \u00e0 tomada de decis\u00f5es. Atua como parceiro da gest\u00e3o, fornecendo an\u00e1lises financeiras, controle or\u00e7ament\u00e1rio e gest\u00e3o de riscos.<br \/>\nRequisitos:<br \/>\n\u2022\u00a0EXPERI\u00caNCIA NO RAMO DE CONSTRU\u00c7\u00c3O E INCORPORA\u00c7\u00c3O<br \/>\n\u2022 Forte dom\u00ednio de controles financeiros e rotinas;<br \/>\n\u2022 Boa comunica\u00e7\u00e3o com \u00e1reas n\u00e3o financeiras;<br \/>\n\u2022 Vis\u00e3o estrat\u00e9gica e pensamento anal\u00edtico ;<br \/>\n\u2022 Capacidade de lideran\u00e7a e gest\u00e3o de equipe ;<br \/>\n\u2022 Organiza\u00e7\u00e3o e aten\u00e7\u00e3o a detalhes ;<br \/>\n\u2022 Comunica\u00e7\u00e3o clara e objetiva ;<br \/>\n\u2022 Proatividade e foco em resultados;<br \/>\n\u2022 Gradua\u00e7\u00e3o em Ci\u00eancias Cont\u00e1beis, Administra\u00e7\u00e3o, Economia ou \u00e1reas correlatas;<br \/>\n\u2022 Desej\u00e1vel p\u00f3s-gradua\u00e7\u00e3o ou MBA em Finan\u00e7as, Controladoria ou Gest\u00e3o Empresarial.<\/p>\n<p>Principais Responsabilidades:<br \/>\n\u2022 Gerenciar as \u00e1reas de contabilidade, fiscal, custos e controladoria;<br \/>\n\u2022 Elaborar e acompanhar or\u00e7amento anual (budget) e previs\u00f5es (forecast);<br \/>\n\u2022 Analisar demonstrativos financeiros (DRE, Balan\u00e7o Patrimonial, Fluxo de Caixa);<br \/>\n\u2022 Implementar e monitorar controles internos e pol\u00edticas financeiras;<br \/>\n\u2022 Garantir conformidade com normas cont\u00e1beis e legisla\u00e7\u00e3o vigente ;<br \/>\n\u2022 Coordenar auditorias internas e externas;<br \/>\n\u2022 Desenvolver relat\u00f3rios gerenciais e indicadores de desempenho (KPIs);<br \/>\n\u2022 Apoiar decis\u00f5es estrat\u00e9gicas com an\u00e1lises financeiras e estudos de viabilidade;<br \/>\n\u2022 Gerenciar fluxo de caixa e planejamento tribut\u00e1rio;<br \/>\n\u2022 Liderar e desenvolver equipe financeira.<\/p>\n<p>Local de Trabalho:<br \/>\nBarra da Tijuca &#8211; RJ<br \/>\nModalidade de contrata\u00e7\u00e3o: PJ<\/p>\n<ul>\n<li>Local de trabalho: Rio de Janeiro, RJ<\/li>\n<li>Regime de contrata\u00e7\u00e3o de tipo: Prestador de Servi\u00e7os (PJ)<\/li>\n<li>Jornada: Per\u00edodo Integral<\/li>\n<li>\u00c1rea e especializa\u00e7\u00e3o profissional: Cont\u00e1bil, Finan\u00e7as, Economia &#8211; Fiscal<\/li>\n<li>N\u00edvel hier\u00e1rquico: Gerente<\/li>\n<\/ul>\n<p>VALORIZADO<\/p>\n<p>Tempo de experi\u00eancia: Entre 3 e 5 anos<\/p>\n<p>Escolaridade M\u00ednima: Ensino Superior<\/p>\n","protected":false},"excerpt":{"rendered":"<p>Miss\u00e3o do cargo: O Controller \u00e9 respons\u00e1vel por garantir a integridade das informa\u00e7\u00f5es financeiras da empresa, assegurando conformidade cont\u00e1bil, efici\u00eancia nos processos internos e suporte estrat\u00e9gico \u00e0 tomada de decis\u00f5es. Atua como parceiro da gest\u00e3o, fornecendo an\u00e1lises financeiras, controle or\u00e7ament\u00e1rio e gest\u00e3o de riscos. Requisitos: \u2022\u00a0EXPERI\u00caNCIA NO RAMO DE CONSTRU\u00c7\u00c3O E INCORPORA\u00c7\u00c3O \u2022 Forte dom\u00ednio [&hellip;]<\/p>\n","protected":false},"author":1,"featured_media":0,"comment_status":"open","ping_status":"open","sticky":false,"template":"","format":"standard","meta":{"footnotes":""},"categories":[21],"tags":[],"class_list":["post-3996","post","type-post","status-publish","format-standard","hentry","category-rio-de-janeiro-rj"],"_links":{"self":[{"href":"https:\/\/vagas.portalemprego.com.br\/index.php?rest_route=\/wp\/v2\/posts\/3996","targetHints":{"allow":["GET"]}}],"collection":[{"href":"https:\/\/vagas.portalemprego.com.br\/index.php?rest_route=\/wp\/v2\/posts"}],"about":[{"href":"https:\/\/vagas.portalemprego.com.br\/index.php?rest_route=\/wp\/v2\/types\/post"}],"author":[{"embeddable":true,"href":"https:\/\/vagas.portalemprego.com.br\/index.php?rest_route=\/wp\/v2\/users\/1"}],"replies":[{"embeddable":true,"href":"https:\/\/vagas.portalemprego.com.br\/index.php?rest_route=%2Fwp%2Fv2%2Fcomments&post=3996"}],"version-history":[{"count":0,"href":"https:\/\/vagas.portalemprego.com.br\/index.php?rest_route=\/wp\/v2\/posts\/3996\/revisions"}],"wp:attachment":[{"href":"https:\/\/vagas.portalemprego.com.br\/index.php?rest_route=%2Fwp%2Fv2%2Fmedia&parent=3996"}],"wp:term":[{"taxonomy":"category","embeddable":true,"href":"https:\/\/vagas.portalemprego.com.br\/index.php?rest_route=%2Fwp%2Fv2%2Fcategories&post=3996"},{"taxonomy":"post_tag","embeddable":true,"href":"https:\/\/vagas.portalemprego.com.br\/index.php?rest_route=%2Fwp%2Fv2%2Ftags&post=3996"}],"curies":[{"name":"wp","href":"https:\/\/api.w.org\/{rel}","templated":true}]}}