{"id":3997,"date":"2026-04-29T06:19:19","date_gmt":"2026-04-29T09:19:19","guid":{"rendered":"https:\/\/vagas.portalemprego.com.br\/?p=3997"},"modified":"2026-04-29T06:19:19","modified_gmt":"2026-04-29T09:19:19","slug":"assist-administrativo-i-macae-bairro-cabiunas-administracao-macae","status":"publish","type":"post","link":"https:\/\/vagas.portalemprego.com.br\/?p=3997","title":{"rendered":"ASSIST ADMINISTRATIVO I \/Maca\u00e9 bairro CABIUNAS &#8211; Administra\u00e7\u00e3o &#8211; Maca\u00e9"},"content":{"rendered":"<p>Fundado em 1951, atrav\u00e9s da compra da Cear\u00e1 G\u00e1s Butano \u00e9 uma das primeiras empresas do Grupo Edson Queiroz. Nos dias atuais, denominada Nacional G\u00e1s e atuando tamb\u00e9m com as marcas Parag\u00e1s e Brasilg\u00e1s, sendo uma das primeiras empresas do Grupo Edson Queiroz.<br \/>\nA empresa det\u00e9m as mais modernas bases de engarrafamento da Am\u00e9rica Latina e tem a lideran\u00e7a na distribui\u00e7\u00e3o de g\u00e1s domiciliar. Possui 49 filiais, sendo 29 bases envasadoras.<br \/>\nEm parceria com a Nacional G\u00e1s, estamos com a oportunidade para atuar como: ASSIST ADMINISTRATIVO I<br \/>\nRequisitos Exigidos para o Cargo<br \/>\nDe 1 a 3 anos<br \/>\nConhecimentos Espec\u00edfico\/Atitudes\/Comportamento Desej\u00e1veis<br \/>\nSenso de dono, proativo, foco em solu\u00e7\u00e3o, trabalho em equipe e foco no cliente.<br \/>\nPrincipais Responsabilidades<br \/>\nComunica\u00e7\u00e3o com o cliente para coleta de pedidos, fechamento de rotas, apoio a \u00e1rea comercial e log\u00edstica. Demais atividades administrativas.<br \/>\nCursando superior<br \/>\nBenef\u00edcios :<br \/>\nPlano de Sa\u00fade (funcion\u00e1rio + dependentes)<br \/>\nPlano Odontol\u00f3gico (funcion\u00e1rio + dependentes)<br \/>\nAlimenta\u00e7\u00e3o no local<br \/>\nTicket Alimenta\u00e7\u00e3o R$ 814,73<br \/>\nTicket Alimenta\u00e7\u00e3o extra em janeiro R$ 814,73<br \/>\nSeguro de Vida<br \/>\nVale G\u00e1s mensal<br \/>\nAdicional de F\u00e9rias por tempo de servi\u00e7o<br \/>\nParticipa\u00e7\u00e3o nos lucros<br \/>\nAux\u00edlio filho com defici\u00eancia, mediante comprova\u00e7\u00e3o R$ 1.114,17<br \/>\nGympass<br \/>\nWellz (Plataforma de sa\u00fade emocional)<br \/>\nPlataforma de Educa\u00e7\u00e3o corporativa<br \/>\nDesconto em produtos Esmaltec<br \/>\nParcerias com escolas, faculdades, restaurantes e estabelecimentos gerais<\/p>\n<ul>\n<li>Local de trabalho: Maca\u00e9, RJ<\/li>\n<li>Regime de contrata\u00e7\u00e3o de tipo: Efetivo \u2013 CLT<\/li>\n<li>Jornada: Per\u00edodo Integral<\/li>\n<li>\u00c1rea e especializa\u00e7\u00e3o profissional: Administra\u00e7\u00e3o &#8211; Administra\u00e7\u00e3o Geral<\/li>\n<li>N\u00edvel hier\u00e1rquico: Assistente<\/li>\n<\/ul>\n<p>Escolaridade M\u00ednima: Ensino Superior<\/p>\n<p>Sal\u00e1rio: 2719,0<\/p>\n","protected":false},"excerpt":{"rendered":"<p>Fundado em 1951, atrav\u00e9s da compra da Cear\u00e1 G\u00e1s Butano \u00e9 uma das primeiras empresas do Grupo Edson Queiroz. Nos dias atuais, denominada Nacional G\u00e1s e atuando tamb\u00e9m com as marcas Parag\u00e1s e Brasilg\u00e1s, sendo uma das primeiras empresas do Grupo Edson Queiroz. A empresa det\u00e9m as mais modernas bases de engarrafamento da Am\u00e9rica Latina [&hellip;]<\/p>\n","protected":false},"author":1,"featured_media":0,"comment_status":"open","ping_status":"open","sticky":false,"template":"","format":"standard","meta":{"footnotes":""},"categories":[21],"tags":[],"class_list":["post-3997","post","type-post","status-publish","format-standard","hentry","category-rio-de-janeiro-rj"],"_links":{"self":[{"href":"https:\/\/vagas.portalemprego.com.br\/index.php?rest_route=\/wp\/v2\/posts\/3997","targetHints":{"allow":["GET"]}}],"collection":[{"href":"https:\/\/vagas.portalemprego.com.br\/index.php?rest_route=\/wp\/v2\/posts"}],"about":[{"href":"https:\/\/vagas.portalemprego.com.br\/index.php?rest_route=\/wp\/v2\/types\/post"}],"author":[{"embeddable":true,"href":"https:\/\/vagas.portalemprego.com.br\/index.php?rest_route=\/wp\/v2\/users\/1"}],"replies":[{"embeddable":true,"href":"https:\/\/vagas.portalemprego.com.br\/index.php?rest_route=%2Fwp%2Fv2%2Fcomments&post=3997"}],"version-history":[{"count":0,"href":"https:\/\/vagas.portalemprego.com.br\/index.php?rest_route=\/wp\/v2\/posts\/3997\/revisions"}],"wp:attachment":[{"href":"https:\/\/vagas.portalemprego.com.br\/index.php?rest_route=%2Fwp%2Fv2%2Fmedia&parent=3997"}],"wp:term":[{"taxonomy":"category","embeddable":true,"href":"https:\/\/vagas.portalemprego.com.br\/index.php?rest_route=%2Fwp%2Fv2%2Fcategories&post=3997"},{"taxonomy":"post_tag","embeddable":true,"href":"https:\/\/vagas.portalemprego.com.br\/index.php?rest_route=%2Fwp%2Fv2%2Ftags&post=3997"}],"curies":[{"name":"wp","href":"https:\/\/api.w.org\/{rel}","templated":true}]}}