{"id":3999,"date":"2026-04-29T06:19:19","date_gmt":"2026-04-29T09:19:19","guid":{"rendered":"https:\/\/vagas.portalemprego.com.br\/?p=3999"},"modified":"2026-04-29T06:19:19","modified_gmt":"2026-04-29T09:19:19","slug":"analista-de-planejamento-e-gestao-estrategica-pleno-people-analytics-recursos-humanos-rio-de-janeiro","status":"publish","type":"post","link":"https:\/\/vagas.portalemprego.com.br\/?p=3999","title":{"rendered":"Analista de Planejamento e Gest\u00e3o Estrat\u00e9gica Pleno (People Analytics) &#8211; Recursos Humanos &#8211; Rio de Janeiro"},"content":{"rendered":"<p>Executar, com conhecimento t\u00e9cnico especializado, atividades de complexidade e criticidade medianas na Assessoria de Gest\u00e3o Estrat\u00e9gica (AGE), orientando profissionais menos experientes e contribuindo para a melhoria cont\u00ednua dos processos internos, voltadas ao cumprimento dos objetivos do macroprocesso de Gest\u00e3o da estrat\u00e9gia, do desempenho e dos processos, participando da elabora\u00e7\u00e3o e atualiza\u00e7\u00e3o do planejamento estrat\u00e9gico da Institui\u00e7\u00e3o e do monitoramento da estrat\u00e9gia, construindo metas com base no mapa estrat\u00e9gico institucional e atuando na gest\u00e3o de desempenho institucional, tanto interno quanto demandado por \u00f3rg\u00e3os de controle interno e requeridas por outros \u00f3rg\u00e3os de controle, desenvolvendo atividades relacionadas ao Escrit\u00f3rio de Processos, participando da an\u00e1lise e proposi\u00e7\u00e3o de melhorias nos processos de neg\u00f3cio da Unidade, apoiando a modelagem em nota\u00e7\u00e3o BPM e colaborando nas revis\u00f5es da cadeia de valor, apoiando a elabora\u00e7\u00e3o do Relat\u00f3rio Anual de Gest\u00e3o (RAG) e a execu\u00e7\u00e3o de projetos de transpar\u00eancia e divulga\u00e7\u00e3o de informa\u00e7\u00f5es, construindo pain\u00e9is, elaborando documentos t\u00e9cnicos e apresenta\u00e7\u00f5es da \u00e1rea e contribuindo para a manuten\u00e7\u00e3o e otimiza\u00e7\u00e3o das atividades e procedimentos em alinhamento \u00e0s estrat\u00e9gias e pol\u00edticas<br \/>\nHor\u00e1rio de trabalho:<br \/>\nHor\u00e1rio:\u00a008:00 \u00e0s 17:00<br \/>\nEscala: 5&#215;2, segunda a sexta.<br \/>\nModelo: Presencial<br \/>\nLocal de trabalho:<br \/>\nJacarepagu\u00e1 &#8211; Rio de Janeiro\/RJ.<br \/>\nIncentivamos candidaturas PCD, popula\u00e7\u00e3o negra, mulheres, LGBTQIAPN+.<\/p>\n<p>Requisitos Obrigat\u00f3rios:<br \/>\nGradua\u00e7\u00e3o em Administra\u00e7\u00e3o, Economia ou Engenharia de Produ\u00e7\u00e3o;<br \/>\nExperi\u00eancia em ind\u00fastria na elabora\u00e7\u00e3o de Planejamento Estrat\u00e9gico (concep\u00e7\u00e3o, mapa estrat\u00e9gico, metas e\/ou indicadores estrat\u00e9gicos)<br \/>\nExperi\u00eancia em ind\u00fastria com monitoramento e controle da estrat\u00e9gia da organiza\u00e7\u00e3o;<br \/>\nExperi\u00eancia em ind\u00fastria com mapeamento de processos (Modelagem em nota\u00e7\u00e3o BPMN);<br \/>\nIngl\u00eas Intermedi\u00e1rio (leitura e oral); ser\u00e1 testado.<br \/>\nExcel avan\u00e7ado<br \/>\nPower BI; ser\u00e1 testado<\/p>\n<ul>\n<li>Local de trabalho: Rio de Janeiro, RJ<\/li>\n<li>Regime de contrata\u00e7\u00e3o de tipo: Efetivo \u2013 CLT<\/li>\n<li>Jornada: Per\u00edodo Integral<\/li>\n<li>\u00c1rea e especializa\u00e7\u00e3o profissional: Recursos Humanos &#8211; Cargos e Sal\u00e1rios, Benef\u00edcios, Rela\u00e7\u00f5es Sindicais<\/li>\n<li>N\u00edvel hier\u00e1rquico: Analista<\/li>\n<\/ul>\n<p>Escolaridade M\u00ednima: Ensino Superior<\/p>\n<p>Forma\u00e7\u00e3o desejada:<\/p>\n<ul>\n<li>Economia, Ensino Superior<\/li>\n<li>Administra\u00e7\u00e3o de empresas, Ensino Superior<\/li>\n<li>Engenharia de produ\u00e7\u00e3o\/industrial, Ensino Superior<\/li>\n<\/ul>\n<p>Sal\u00e1rio: 7975,09<\/p>\n","protected":false},"excerpt":{"rendered":"<p>Executar, com conhecimento t\u00e9cnico especializado, atividades de complexidade e criticidade medianas na Assessoria de Gest\u00e3o Estrat\u00e9gica (AGE), orientando profissionais menos experientes e contribuindo para a melhoria cont\u00ednua dos processos internos, voltadas ao cumprimento dos objetivos do macroprocesso de Gest\u00e3o da estrat\u00e9gia, do desempenho e dos processos, participando da elabora\u00e7\u00e3o e atualiza\u00e7\u00e3o do planejamento estrat\u00e9gico da [&hellip;]<\/p>\n","protected":false},"author":1,"featured_media":0,"comment_status":"open","ping_status":"open","sticky":false,"template":"","format":"standard","meta":{"footnotes":""},"categories":[21],"tags":[],"class_list":["post-3999","post","type-post","status-publish","format-standard","hentry","category-rio-de-janeiro-rj"],"_links":{"self":[{"href":"https:\/\/vagas.portalemprego.com.br\/index.php?rest_route=\/wp\/v2\/posts\/3999","targetHints":{"allow":["GET"]}}],"collection":[{"href":"https:\/\/vagas.portalemprego.com.br\/index.php?rest_route=\/wp\/v2\/posts"}],"about":[{"href":"https:\/\/vagas.portalemprego.com.br\/index.php?rest_route=\/wp\/v2\/types\/post"}],"author":[{"embeddable":true,"href":"https:\/\/vagas.portalemprego.com.br\/index.php?rest_route=\/wp\/v2\/users\/1"}],"replies":[{"embeddable":true,"href":"https:\/\/vagas.portalemprego.com.br\/index.php?rest_route=%2Fwp%2Fv2%2Fcomments&post=3999"}],"version-history":[{"count":0,"href":"https:\/\/vagas.portalemprego.com.br\/index.php?rest_route=\/wp\/v2\/posts\/3999\/revisions"}],"wp:attachment":[{"href":"https:\/\/vagas.portalemprego.com.br\/index.php?rest_route=%2Fwp%2Fv2%2Fmedia&parent=3999"}],"wp:term":[{"taxonomy":"category","embeddable":true,"href":"https:\/\/vagas.portalemprego.com.br\/index.php?rest_route=%2Fwp%2Fv2%2Fcategories&post=3999"},{"taxonomy":"post_tag","embeddable":true,"href":"https:\/\/vagas.portalemprego.com.br\/index.php?rest_route=%2Fwp%2Fv2%2Ftags&post=3999"}],"curies":[{"name":"wp","href":"https:\/\/api.w.org\/{rel}","templated":true}]}}