{"id":4008,"date":"2026-04-29T06:19:19","date_gmt":"2026-04-29T09:19:19","guid":{"rendered":"https:\/\/vagas.portalemprego.com.br\/?p=4008"},"modified":"2026-04-29T06:19:19","modified_gmt":"2026-04-29T09:19:19","slug":"tecnico-de-seguranca-eletronica-junior-informatica-ti-telecomunicacoes-rio-de-janeiro","status":"publish","type":"post","link":"https:\/\/vagas.portalemprego.com.br\/?p=4008","title":{"rendered":"T\u00e9cnico de Seguran\u00e7a Eletr\u00f4nica J\u00fanior &#8211; Inform\u00e1tica, TI, Telecomunica\u00e7\u00f5es &#8211; Rio de Janeiro"},"content":{"rendered":"<p>Estamos apoiando uma empresa de tecnologia, especializada em sistemas de seguran\u00e7a e controle de acesso, localizada no bairro de Vargem Pequena \u2013 Rio de Janeiro, na contrata\u00e7\u00e3o de um T\u00e9cnico de Seguran\u00e7a Eletr\u00f4nica J\u00fanior para integrar o time t\u00e9cnico.<br \/>\nEssa \u00e9 uma excelente oportunidade para profissionais em in\u00edcio de carreira que desejam desenvolver seus conhecimentos na \u00e1rea de seguran\u00e7a eletr\u00f4nica e atuar diretamente em campo.<br \/>\nPrincipais Responsabilidades<br \/>\nApoiar na instala\u00e7\u00e3o e manuten\u00e7\u00e3o de sistemas de seguran\u00e7a eletr\u00f4nica;<br \/>\nAuxiliar na configura\u00e7\u00e3o de equipamentos de CFTV e controle de acesso;<br \/>\nRealizar testes b\u00e1sicos e suporte t\u00e9cnico em equipamentos;<br \/>\nLeitura e interpreta\u00e7\u00e3o de manuais e diagramas t\u00e9cnicos;<br \/>\nAtendimento t\u00e9cnico externo sob supervis\u00e3o.<br \/>\nDesej\u00e1vel Experi\u00eancia com<br \/>\nCancelas, catracas e port\u00f5es automatizados;<br \/>\nSistemas de CFTV;<br \/>\nBiometria e reconhecimento facial;<br \/>\nInfraestrutura e cabeamento.<br \/>\nForma\u00e7\u00e3o<br \/>\nEnsino M\u00e9dio completo;<br \/>\nCurso T\u00e9cnico em Eletr\u00f4nica, Eletrot\u00e9cnica, Inform\u00e1tica ou \u00e1reas correlatas (conclu\u00eddo ou em andamento);<br \/>\nNR-10 ser\u00e1 considerado diferencial.<br \/>\nRequisitos<br \/>\nCarteira Nacional de Habilita\u00e7\u00e3o (CNH A ou B);<br \/>\nPossuir carro ou moto;<br \/>\nDisponibilidade para atua\u00e7\u00e3o em campo;<br \/>\nPerfil proativo, organizado e com vontade de aprender.<br \/>\nJornada de Trabalho<br \/>\nSegunda a sexta-feira, das 08h \u00e0s 17h (1h de almo\u00e7o);<br \/>\nEscala de plant\u00e3o em at\u00e9 2 finais de semana por m\u00eas (s\u00e1bado ou domingo).<br \/>\nBenef\u00edcios<br \/>\nPlano de sa\u00fade e odontol\u00f3gico;<br \/>\nVale-alimenta\u00e7\u00e3o de R$ 29,65 por dia;<br \/>\nVale-transporte.<br \/>\nSal\u00e1rio<br \/>\nR$ 2.934,54<\/p>\n<ul>\n<li>Local de trabalho: Rio de Janeiro, RJ<\/li>\n<li>Regime de contrata\u00e7\u00e3o de tipo: Efetivo \u2013 CLT<\/li>\n<li>Jornada: Per\u00edodo Integral<\/li>\n<li>\u00c1rea e especializa\u00e7\u00e3o profissional: Inform\u00e1tica, TI, Telecomunica\u00e7\u00f5es &#8211; Seguran\u00e7a da Informa\u00e7\u00e3o<\/li>\n<li>N\u00edvel hier\u00e1rquico: Operacional<\/li>\n<\/ul>\n<p>VALORIZADO<\/p>\n<p>Tempo de experi\u00eancia: Entre 1 e 3 anos<\/p>\n<p>Escolaridade M\u00ednima: Curso T\u00e9cnico<\/p>\n<p>Forma\u00e7\u00e3o desejada:<\/p>\n<ul>\n<li>Eletroeletr\u00f4nica, Curso T\u00e9cnico<\/li>\n<li>Eletromec\u00e2nica, Curso T\u00e9cnico<\/li>\n<\/ul>\n<p>Habilita\u00e7\u00e3o para dirigir: A, B<\/p>\n<ul>\n<li>Vale-alimenta\u00e7\u00e3o<\/li>\n<li>Vale-transporte<\/li>\n<li>Assist\u00eancia m\u00e9dica<\/li>\n<li>Assist\u00eancia odontol\u00f3gica<\/li>\n<\/ul>\n<p>Sal\u00e1rio: 2934,54<\/p>\n","protected":false},"excerpt":{"rendered":"<p>Estamos apoiando uma empresa de tecnologia, especializada em sistemas de seguran\u00e7a e controle de acesso, localizada no bairro de Vargem Pequena \u2013 Rio de Janeiro, na contrata\u00e7\u00e3o de um T\u00e9cnico de Seguran\u00e7a Eletr\u00f4nica J\u00fanior para integrar o time t\u00e9cnico. Essa \u00e9 uma excelente oportunidade para profissionais em in\u00edcio de carreira que desejam desenvolver seus conhecimentos [&hellip;]<\/p>\n","protected":false},"author":1,"featured_media":0,"comment_status":"open","ping_status":"open","sticky":false,"template":"","format":"standard","meta":{"footnotes":""},"categories":[21],"tags":[],"class_list":["post-4008","post","type-post","status-publish","format-standard","hentry","category-rio-de-janeiro-rj"],"_links":{"self":[{"href":"https:\/\/vagas.portalemprego.com.br\/index.php?rest_route=\/wp\/v2\/posts\/4008","targetHints":{"allow":["GET"]}}],"collection":[{"href":"https:\/\/vagas.portalemprego.com.br\/index.php?rest_route=\/wp\/v2\/posts"}],"about":[{"href":"https:\/\/vagas.portalemprego.com.br\/index.php?rest_route=\/wp\/v2\/types\/post"}],"author":[{"embeddable":true,"href":"https:\/\/vagas.portalemprego.com.br\/index.php?rest_route=\/wp\/v2\/users\/1"}],"replies":[{"embeddable":true,"href":"https:\/\/vagas.portalemprego.com.br\/index.php?rest_route=%2Fwp%2Fv2%2Fcomments&post=4008"}],"version-history":[{"count":0,"href":"https:\/\/vagas.portalemprego.com.br\/index.php?rest_route=\/wp\/v2\/posts\/4008\/revisions"}],"wp:attachment":[{"href":"https:\/\/vagas.portalemprego.com.br\/index.php?rest_route=%2Fwp%2Fv2%2Fmedia&parent=4008"}],"wp:term":[{"taxonomy":"category","embeddable":true,"href":"https:\/\/vagas.portalemprego.com.br\/index.php?rest_route=%2Fwp%2Fv2%2Fcategories&post=4008"},{"taxonomy":"post_tag","embeddable":true,"href":"https:\/\/vagas.portalemprego.com.br\/index.php?rest_route=%2Fwp%2Fv2%2Ftags&post=4008"}],"curies":[{"name":"wp","href":"https:\/\/api.w.org\/{rel}","templated":true}]}}