{"id":4010,"date":"2026-04-29T06:19:19","date_gmt":"2026-04-29T09:19:19","guid":{"rendered":"https:\/\/vagas.portalemprego.com.br\/?p=4010"},"modified":"2026-04-29T06:19:19","modified_gmt":"2026-04-29T09:19:19","slug":"analista-de-importacao-e-exportacao-comercio-exterior-importacao-exportacao-rio-de-janeiro","status":"publish","type":"post","link":"https:\/\/vagas.portalemprego.com.br\/?p=4010","title":{"rendered":"Analista de Importa\u00e7\u00e3o e Exporta\u00e7\u00e3o &#8211; Com\u00e9rcio Exterior, Importa\u00e7\u00e3o, Exporta\u00e7\u00e3o &#8211; Rio de Janeiro"},"content":{"rendered":"<p>Empresa de Importa\u00e7\u00e3o e Exporta\u00e7\u00e3o contrata profissional para integrar nossa equipe de Importa\u00e7\u00e3o e Exporta\u00e7\u00e3o Exterior.<br \/>\nT\u00edtulo da vaga:  Analista de Importa\u00e7\u00e3o e Exporta\u00e7\u00e3o<br \/>\nSal\u00e1rio e benef\u00edcios:  R$ 4.112,92 + VR 28,99\/dia + VA R$200,00\/mensal + Plano de sa\u00fade ( Bradesco Sa\u00fade (empresa 60% &#8211; empregado 40%)) + Day Off: Folga no dia do seu anivers\u00e1rio (a partir do 2\u00ba ano de empresa)<br \/>\nOportunidade de crescimento profissional em uma empresa s\u00f3lida e em constante expans\u00e3o.<br \/>\nHor\u00e1rio de trabalho:  Segunda \u00e1 Sexta das 08h30 as 17h30<br \/>\nLocal de trabalho: Centro, Rio de Janeiro<br \/>\nAtividades a serem desenvolvidas:<br \/>\nO(A) candidato(a) ser\u00e1 respons\u00e1vel pelo processo de desembara\u00e7o aduaneiro, desde a emiss\u00e3o de documentos at\u00e9 a libera\u00e7\u00e3o das mercadorias.<br \/>\nElabora\u00e7\u00e3o e acompanhamento de processos de importa\u00e7\u00e3o e exporta\u00e7\u00e3o;<br \/>\nEmiss\u00e3o de documentos de importa\u00e7\u00e3o e exporta\u00e7\u00e3o (LI, DI, DU-E, etc.);<br \/>\nAcompanhamento de cargas em tr\u00e2nsito;<br \/>\nAtendimento a clientes internos e externos sobre d\u00favidas relacionadas ao processo aduaneiro;<br \/>\nAn\u00e1lise de legisla\u00e7\u00e3o aduaneira e atualiza\u00e7\u00e3o sobre as normas vigentes.<\/p>\n<p>Experi\u00eancia profissional:<br \/>\nExperi\u00eancia de 5 anos em desembara\u00e7o aduaneiro;<br \/>\nPossuir s\u00f3lidos conhecimentos e compreens\u00e3o das rotinas burocr\u00e1ticas de portos e aeroportos.<\/p>\n<p>Requisitos t\u00e9cnicos obrigat\u00f3rios:<br \/>\nSuperior completo em Com\u00e9rcio Exterior, Rela\u00e7\u00f5es Internacionais, Log\u00edstica ou \u00e1reas afins;<br \/>\nIngl\u00eas avan\u00e7ado<br \/>\nDIFERENCIAIS<br \/>\nIngl\u00eas fluente<\/p>\n<p>Requisitos Comportamentais:<br \/>\nBuscamos um profissional proativo e anal\u00edtico para integrar nossa equipe de Importa\u00e7\u00e3o e Exporta\u00e7\u00e3o Exterior<br \/>\nProatividade, organiza\u00e7\u00e3o e capacidade de trabalhar sob press\u00e3o.<br \/>\nAl\u00e9m disso ter boas rela\u00e7\u00f5es interpessoais, \u00f3tima comunica\u00e7\u00e3o, esp\u00edrito de lideran\u00e7a e saber trabalhar em equipe s\u00e3o comportamentos esperados.<\/p>\n<ul>\n<li>Local de trabalho: Rio de Janeiro, RJ<\/li>\n<li>Regime de contrata\u00e7\u00e3o de tipo: Efetivo \u2013 CLT<\/li>\n<li>Jornada: Per\u00edodo Integral<\/li>\n<li>\u00c1rea e especializa\u00e7\u00e3o profissional: Com\u00e9rcio Exterior, Importa\u00e7\u00e3o, Exporta\u00e7\u00e3o &#8211; Com\u00e9rcio Exterior, Trader<\/li>\n<li>N\u00edvel hier\u00e1rquico: Analista<\/li>\n<\/ul>\n<p>VALORIZADO<\/p>\n<p>Tempo de experi\u00eancia: Entre 3 e 5 anos<\/p>\n<p>HABILIDADES<\/p>\n<ul>\n<li>desembara\u00e7o aduaneiro<\/li>\n<li>trabalhar sob pres\u00e3o<\/li>\n<li>organiza\u00e7\u00e3o<\/li>\n<li>capacidade anal\u00edtica<\/li>\n<li>proatividade<\/li>\n<li>emiss\u00e3o de DI<\/li>\n<li>legisla\u00e7\u00e3o aduaneira<\/li>\n<\/ul>\n<p>Escolaridade M\u00ednima: Ensino Superior<\/p>\n<ul>\n<li>vale alimenta\u00e7\u00e3o<\/li>\n<li>vale transporte<\/li>\n<li>vale refei\u00e7\u00e3o<\/li>\n<li>day off de aniversario<\/li>\n<li>plano de saude<\/li>\n<\/ul>\n<p>Sal\u00e1rio: 4112,92<\/p>\n","protected":false},"excerpt":{"rendered":"<p>Empresa de Importa\u00e7\u00e3o e Exporta\u00e7\u00e3o contrata profissional para integrar nossa equipe de Importa\u00e7\u00e3o e Exporta\u00e7\u00e3o Exterior. T\u00edtulo da vaga: Analista de Importa\u00e7\u00e3o e Exporta\u00e7\u00e3o Sal\u00e1rio e benef\u00edcios: R$ 4.112,92 + VR 28,99\/dia + VA R$200,00\/mensal + Plano de sa\u00fade ( Bradesco Sa\u00fade (empresa 60% &#8211; empregado 40%)) + Day Off: Folga no dia do seu [&hellip;]<\/p>\n","protected":false},"author":1,"featured_media":0,"comment_status":"open","ping_status":"open","sticky":false,"template":"","format":"standard","meta":{"footnotes":""},"categories":[21],"tags":[],"class_list":["post-4010","post","type-post","status-publish","format-standard","hentry","category-rio-de-janeiro-rj"],"_links":{"self":[{"href":"https:\/\/vagas.portalemprego.com.br\/index.php?rest_route=\/wp\/v2\/posts\/4010","targetHints":{"allow":["GET"]}}],"collection":[{"href":"https:\/\/vagas.portalemprego.com.br\/index.php?rest_route=\/wp\/v2\/posts"}],"about":[{"href":"https:\/\/vagas.portalemprego.com.br\/index.php?rest_route=\/wp\/v2\/types\/post"}],"author":[{"embeddable":true,"href":"https:\/\/vagas.portalemprego.com.br\/index.php?rest_route=\/wp\/v2\/users\/1"}],"replies":[{"embeddable":true,"href":"https:\/\/vagas.portalemprego.com.br\/index.php?rest_route=%2Fwp%2Fv2%2Fcomments&post=4010"}],"version-history":[{"count":0,"href":"https:\/\/vagas.portalemprego.com.br\/index.php?rest_route=\/wp\/v2\/posts\/4010\/revisions"}],"wp:attachment":[{"href":"https:\/\/vagas.portalemprego.com.br\/index.php?rest_route=%2Fwp%2Fv2%2Fmedia&parent=4010"}],"wp:term":[{"taxonomy":"category","embeddable":true,"href":"https:\/\/vagas.portalemprego.com.br\/index.php?rest_route=%2Fwp%2Fv2%2Fcategories&post=4010"},{"taxonomy":"post_tag","embeddable":true,"href":"https:\/\/vagas.portalemprego.com.br\/index.php?rest_route=%2Fwp%2Fv2%2Ftags&post=4010"}],"curies":[{"name":"wp","href":"https:\/\/api.w.org\/{rel}","templated":true}]}}