{"id":4013,"date":"2026-04-29T06:20:20","date_gmt":"2026-04-29T09:20:20","guid":{"rendered":"https:\/\/vagas.portalemprego.com.br\/?p=4013"},"modified":"2026-04-29T06:20:20","modified_gmt":"2026-04-29T09:20:20","slug":"recepcionista-administracao-rio-de-janeiro-8","status":"publish","type":"post","link":"https:\/\/vagas.portalemprego.com.br\/?p=4013","title":{"rendered":"Recepcionista &#8211; Administra\u00e7\u00e3o &#8211; Rio de Janeiro"},"content":{"rendered":"<p>Oportunidade: A Belfort est\u00e1 buscando um Recepcionista para se juntar ao nosso time. Esta \u00e9 uma chance de trabalhar em um ambiente din\u00e2mico e colaborativo, onde sua presen\u00e7a e habilidades ser\u00e3o fundamentais para o bom funcionamento do escrit\u00f3rio.<br \/>\nFun\u00e7\u00f5es:<br \/>\nAtendimento ao p\u00fablico e visitantes<br \/>\nOrganiza\u00e7\u00e3o e manuten\u00e7\u00e3o do espa\u00e7o de recep\u00e7\u00e3o<br \/>\nAux\u00edlio na agendamento de reuni\u00f5es e eventos<br \/>\nGerenciamento de correspond\u00eancias e documentos<br \/>\nColabora\u00e7\u00e3o com outras \u00e1reas da empresa<\/p>\n<p>Requisitos:<br \/>\nExperi\u00eancia em fun\u00e7\u00f5es de recep\u00e7\u00e3o<br \/>\nConhecimento em pacote office<br \/>\nCapacidade de comunica\u00e7\u00e3o clara e efetiva<br \/>\nOrganiza\u00e7\u00e3o e pontualidade<br \/>\nAtitude proativa e entusiasmo para o trabalho<\/p>\n<p>Benef\u00edcios:<br \/>\nAmbiente de trabalho acolhedor e colaborativo<br \/>\nHor\u00e1rio comercial e ambiente de trabalho presencial<br \/>\nVA<br \/>\nVT<br \/>\nPlano odontol\u00f3gico<\/p>\n<ul>\n<li>Local de trabalho: Rio de Janeiro, RJ<\/li>\n<li>Regime de contrata\u00e7\u00e3o de tipo: Efetivo \u2013 CLT<\/li>\n<li>Jornada: Per\u00edodo Integral<\/li>\n<li>\u00c1rea e especializa\u00e7\u00e3o profissional: Administra\u00e7\u00e3o &#8211; Recep\u00e7\u00e3o<\/li>\n<li>N\u00edvel hier\u00e1rquico: Auxiliar<\/li>\n<\/ul>\n<p>VALORIZADO<\/p>\n<p>Tempo de experi\u00eancia: Entre 1 e 3 anos<\/p>\n<p>HABILIDADES<\/p>\n<ul>\n<li>pacote office<\/li>\n<li>organiza\u00e7\u00e3o<\/li>\n<li>pontualidade<\/li>\n<li>comunica\u00e7\u00e3o<\/li>\n<li>inform\u00e1tica<\/li>\n<li>proativo<\/li>\n<\/ul>\n<p>Escolaridade M\u00ednima: Ensino M\u00e9dio (2\u00ba Grau)<\/p>\n<ul>\n<li>vale refei\u00e7\u00e3o ou alimenta\u00e7\u00e3o<\/li>\n<li>vale transporte<\/li>\n<\/ul>\n<p>Sal\u00e1rio: 1837,0<\/p>\n","protected":false},"excerpt":{"rendered":"<p>Oportunidade: A Belfort est\u00e1 buscando um Recepcionista para se juntar ao nosso time. Esta \u00e9 uma chance de trabalhar em um ambiente din\u00e2mico e colaborativo, onde sua presen\u00e7a e habilidades ser\u00e3o fundamentais para o bom funcionamento do escrit\u00f3rio. Fun\u00e7\u00f5es: Atendimento ao p\u00fablico e visitantes Organiza\u00e7\u00e3o e manuten\u00e7\u00e3o do espa\u00e7o de recep\u00e7\u00e3o Aux\u00edlio na agendamento de [&hellip;]<\/p>\n","protected":false},"author":1,"featured_media":0,"comment_status":"open","ping_status":"open","sticky":false,"template":"","format":"standard","meta":{"footnotes":""},"categories":[21],"tags":[],"class_list":["post-4013","post","type-post","status-publish","format-standard","hentry","category-rio-de-janeiro-rj"],"_links":{"self":[{"href":"https:\/\/vagas.portalemprego.com.br\/index.php?rest_route=\/wp\/v2\/posts\/4013","targetHints":{"allow":["GET"]}}],"collection":[{"href":"https:\/\/vagas.portalemprego.com.br\/index.php?rest_route=\/wp\/v2\/posts"}],"about":[{"href":"https:\/\/vagas.portalemprego.com.br\/index.php?rest_route=\/wp\/v2\/types\/post"}],"author":[{"embeddable":true,"href":"https:\/\/vagas.portalemprego.com.br\/index.php?rest_route=\/wp\/v2\/users\/1"}],"replies":[{"embeddable":true,"href":"https:\/\/vagas.portalemprego.com.br\/index.php?rest_route=%2Fwp%2Fv2%2Fcomments&post=4013"}],"version-history":[{"count":0,"href":"https:\/\/vagas.portalemprego.com.br\/index.php?rest_route=\/wp\/v2\/posts\/4013\/revisions"}],"wp:attachment":[{"href":"https:\/\/vagas.portalemprego.com.br\/index.php?rest_route=%2Fwp%2Fv2%2Fmedia&parent=4013"}],"wp:term":[{"taxonomy":"category","embeddable":true,"href":"https:\/\/vagas.portalemprego.com.br\/index.php?rest_route=%2Fwp%2Fv2%2Fcategories&post=4013"},{"taxonomy":"post_tag","embeddable":true,"href":"https:\/\/vagas.portalemprego.com.br\/index.php?rest_route=%2Fwp%2Fv2%2Ftags&post=4013"}],"curies":[{"name":"wp","href":"https:\/\/api.w.org\/{rel}","templated":true}]}}