{"id":4014,"date":"2026-04-29T06:20:20","date_gmt":"2026-04-29T09:20:20","guid":{"rendered":"https:\/\/vagas.portalemprego.com.br\/?p=4014"},"modified":"2026-04-29T06:20:20","modified_gmt":"2026-04-29T09:20:20","slug":"tecnico-de-seguranca-eletronica-informatica-ti-telecomunicacoes-rio-de-janeiro","status":"publish","type":"post","link":"https:\/\/vagas.portalemprego.com.br\/?p=4014","title":{"rendered":"T\u00e9cnico de Seguran\u00e7a Eletr\u00f4nica &#8211; Inform\u00e1tica, TI, Telecomunica\u00e7\u00f5es &#8211; Rio de Janeiro"},"content":{"rendered":"<p>Estamos apoiando uma empresa de tecnologia, especializada em sistemas de seguran\u00e7a e controle de acesso, localizada no Rio de Janeiro, na contrata\u00e7\u00e3o de um T\u00e9cnico de Seguran\u00e7a Eletr\u00f4nica para integrar o time t\u00e9cnico da organiza\u00e7\u00e3o.<br \/>\nSe voc\u00ea possui experi\u00eancia na \u00e1rea, perfil t\u00e9cnico e gosta de atuar em campo com instala\u00e7\u00e3o e manuten\u00e7\u00e3o de sistemas, essa oportunidade pode ser para voc\u00ea!<br \/>\nPrincipais Responsabilidades<br \/>\nInstala\u00e7\u00e3o, configura\u00e7\u00e3o e manuten\u00e7\u00e3o de sistemas de seguran\u00e7a eletr\u00f4nica;<br \/>\nImplanta\u00e7\u00e3o e suporte t\u00e9cnico em sistemas de controle de acesso;<br \/>\nLeitura e interpreta\u00e7\u00e3o de manuais e diagramas t\u00e9cnicos;<br \/>\nAtendimento t\u00e9cnico em clientes, garantindo qualidade e efici\u00eancia nos servi\u00e7os prestados;<br \/>\nDiagn\u00f3stico e corre\u00e7\u00e3o de falhas em equipamentos.<br \/>\nDesej\u00e1vel Experi\u00eancia com<br \/>\nCancelas, catracas e port\u00f5es automatizados;<br \/>\nCFTV (Circuito Fechado de TV);<br \/>\nSistemas de biometria e reconhecimento facial;<br \/>\nSistemas de controle de acesso e automa\u00e7\u00e3o.<br \/>\nRequisitos<br \/>\nCarteira Nacional de Habilita\u00e7\u00e3o (CNH A ou B);<br \/>\nDisponibilidade para atua\u00e7\u00e3o externa;<br \/>\nOrganiza\u00e7\u00e3o, responsabilidade e boa comunica\u00e7\u00e3o.<br \/>\nJornada de Trabalho<br \/>\nSegunda a sexta-feira, das 08h \u00e0s 17h (1h de almo\u00e7o);<br \/>\nEscala de plant\u00e3o em at\u00e9 2 finais de semana por m\u00eas (s\u00e1bado ou domingo).<br \/>\nBenef\u00edcios<br \/>\nPlano de sa\u00fade e odontol\u00f3gico;<br \/>\nVale-alimenta\u00e7\u00e3o de R$ 29,65 por dia;<br \/>\nVale-transporte.<br \/>\nSal\u00e1rio<br \/>\nR$ 3.245,90<\/p>\n<ul>\n<li>Local de trabalho: Rio de Janeiro, RJ<\/li>\n<li>Regime de contrata\u00e7\u00e3o de tipo: Efetivo \u2013 CLT<\/li>\n<li>Jornada: Per\u00edodo Integral<\/li>\n<li>\u00c1rea e especializa\u00e7\u00e3o profissional: Inform\u00e1tica, TI, Telecomunica\u00e7\u00f5es &#8211; Suporte T\u00e9cnico<\/li>\n<li>N\u00edvel hier\u00e1rquico: Operacional<\/li>\n<\/ul>\n<p>VALORIZADO<\/p>\n<p>Tempo de experi\u00eancia: Entre 3 e 5 anos<\/p>\n<p>Escolaridade M\u00ednima: Curso T\u00e9cnico<\/p>\n<p>Forma\u00e7\u00e3o desejada:<\/p>\n<ul>\n<li>Eletr\u00f4nica, Curso T\u00e9cnico<\/li>\n<li>Eletrot\u00e9cnica, Curso T\u00e9cnico<\/li>\n<\/ul>\n<p>Habilita\u00e7\u00e3o para dirigir: A, B<\/p>\n<ul>\n<li>Vale-alimenta\u00e7\u00e3o<\/li>\n<li>Vale-transporte<\/li>\n<li>Assist\u00eancia odontol\u00f3gica<\/li>\n<li>Assist\u00eancia m\u00e9dica<\/li>\n<\/ul>\n<p>Sal\u00e1rio: 3245,9<\/p>\n","protected":false},"excerpt":{"rendered":"<p>Estamos apoiando uma empresa de tecnologia, especializada em sistemas de seguran\u00e7a e controle de acesso, localizada no Rio de Janeiro, na contrata\u00e7\u00e3o de um T\u00e9cnico de Seguran\u00e7a Eletr\u00f4nica para integrar o time t\u00e9cnico da organiza\u00e7\u00e3o. Se voc\u00ea possui experi\u00eancia na \u00e1rea, perfil t\u00e9cnico e gosta de atuar em campo com instala\u00e7\u00e3o e manuten\u00e7\u00e3o de sistemas, [&hellip;]<\/p>\n","protected":false},"author":1,"featured_media":0,"comment_status":"open","ping_status":"open","sticky":false,"template":"","format":"standard","meta":{"footnotes":""},"categories":[21],"tags":[],"class_list":["post-4014","post","type-post","status-publish","format-standard","hentry","category-rio-de-janeiro-rj"],"_links":{"self":[{"href":"https:\/\/vagas.portalemprego.com.br\/index.php?rest_route=\/wp\/v2\/posts\/4014","targetHints":{"allow":["GET"]}}],"collection":[{"href":"https:\/\/vagas.portalemprego.com.br\/index.php?rest_route=\/wp\/v2\/posts"}],"about":[{"href":"https:\/\/vagas.portalemprego.com.br\/index.php?rest_route=\/wp\/v2\/types\/post"}],"author":[{"embeddable":true,"href":"https:\/\/vagas.portalemprego.com.br\/index.php?rest_route=\/wp\/v2\/users\/1"}],"replies":[{"embeddable":true,"href":"https:\/\/vagas.portalemprego.com.br\/index.php?rest_route=%2Fwp%2Fv2%2Fcomments&post=4014"}],"version-history":[{"count":0,"href":"https:\/\/vagas.portalemprego.com.br\/index.php?rest_route=\/wp\/v2\/posts\/4014\/revisions"}],"wp:attachment":[{"href":"https:\/\/vagas.portalemprego.com.br\/index.php?rest_route=%2Fwp%2Fv2%2Fmedia&parent=4014"}],"wp:term":[{"taxonomy":"category","embeddable":true,"href":"https:\/\/vagas.portalemprego.com.br\/index.php?rest_route=%2Fwp%2Fv2%2Fcategories&post=4014"},{"taxonomy":"post_tag","embeddable":true,"href":"https:\/\/vagas.portalemprego.com.br\/index.php?rest_route=%2Fwp%2Fv2%2Ftags&post=4014"}],"curies":[{"name":"wp","href":"https:\/\/api.w.org\/{rel}","templated":true}]}}