{"id":4017,"date":"2026-04-29T06:20:20","date_gmt":"2026-04-29T09:20:20","guid":{"rendered":"https:\/\/vagas.portalemprego.com.br\/?p=4017"},"modified":"2026-04-29T06:20:20","modified_gmt":"2026-04-29T09:20:20","slug":"representante-comercial-comercial-vendas-rio-de-janeiro-3","status":"publish","type":"post","link":"https:\/\/vagas.portalemprego.com.br\/?p=4017","title":{"rendered":"Representante Comercial &#8211; Comercial, Vendas &#8211; Rio de Janeiro"},"content":{"rendered":"<p>Vaga: Representante Comercial de Campo (PJ) | Segmento Condominial<\/p>\n<p>Voc\u00ea \u00e9 um(a) profissional de vendas que gosta de atuar em campo, construir relacionamento s\u00f3lido e trabalhar com vendas consultivas de m\u00e9dio ciclo?<br \/>\nTem perfil empreendedor, disciplina comercial e busca alto potencial de ganhos reais?<br \/>\nEnt\u00e3o essa oportunidade pode ser para voc\u00ea.<br \/>\nSobre a posi\u00e7\u00e3o<br \/>\nNosso cliente est\u00e1 expandindo a atua\u00e7\u00e3o nacional e est\u00e1 em busca de um(a) Representante Comercial de Campo para desenvolver mercado e fortalecer o relacionamento com:<br \/>\nCondom\u00ednios<br \/>\nS\u00edndicos e conselheiros<br \/>\nAdministradoras<br \/>\nPlayers estrat\u00e9gicos do setor condominial<br \/>\nAqui, venda n\u00e3o \u00e9 volume. \u00c9 constru\u00e7\u00e3o de confian\u00e7a, credibilidade e relacionamento de longo prazo. Voc\u00ea atuar\u00e1 com processo estruturado, ciclo m\u00e9dio de 60 a 120 dias e solu\u00e7\u00e3o de alto valor agregado.<br \/>\nO que voc\u00ea far\u00e1 na pr\u00e1tica<br \/>\nExpandir a carteira e aumentar a participa\u00e7\u00e3o de mercado na sua regi\u00e3o<br \/>\nProspectar ativamente s\u00edndicos, administradoras e parceiros do setor<br \/>\nConduzir vendas consultivas completas (do diagn\u00f3stico ao fechamento)<br \/>\nGerenciar todo o funil: prospec\u00e7\u00e3o, qualifica\u00e7\u00e3o, negocia\u00e7\u00e3o e follow-up<br \/>\nRealizar visitas presenciais, reuni\u00f5es e assembleias<br \/>\nElaborar propostas e negociar contratos<br \/>\nUtilizar CRM e seguir cad\u00eancias comerciais estruturadas<br \/>\nAtingir metas previamente estabelecidas<br \/>\nO que buscamos<br \/>\nExperi\u00eancia em vendas consultivas B2B<br \/>\nViv\u00eancia com servi\u00e7os de ciclo m\u00e9dio ou longo (seguros, software, servi\u00e7os financeiros, solu\u00e7\u00f5es corporativas etc.)<br \/>\nConhecimento em funil de vendas, cad\u00eancia comercial e SPIN (ou metodologia similar)<br \/>\nExperi\u00eancia em negocia\u00e7\u00f5es com m\u00faltiplos decisores<br \/>\nDisponibilidade para atua\u00e7\u00e3o em campo<br \/>\nModelo e remunera\u00e7\u00e3o<br \/>\nContrata\u00e7\u00e3o PJ<br \/>\nAtua\u00e7\u00e3o em campo<br \/>\nHor\u00e1rio comercial (com eventuais assembleias \u00e0 noite ou fins de semana)<br \/>\nFixo: A combinar<br \/>\nComissionamento com potencial real de ganhos acima de R$ 10.000,00<br \/>\nB\u00f4nus anual mediante metas<\/p>\n<ul>\n<li>Local de trabalho: Rio de Janeiro, RJ<\/li>\n<li>Regime de contrata\u00e7\u00e3o de tipo: Prestador de Servi\u00e7os (PJ)<\/li>\n<li>Jornada: Per\u00edodo Integral<\/li>\n<li>\u00c1rea e especializa\u00e7\u00e3o profissional: Comercial, Vendas &#8211; Representa\u00e7\u00e3o Comercial<\/li>\n<li>N\u00edvel hier\u00e1rquico: Especialista<\/li>\n<\/ul>\n<p>HABILIDADES<\/p>\n<ul>\n<li>Relacionamento Comercial<\/li>\n<li>Negocia\u00e7\u00e3o<\/li>\n<li>Representante comercial<\/li>\n<li>Gest\u00e3o de Carteira<\/li>\n<li>Prospec\u00e7\u00e3o<\/li>\n<li>Metas<\/li>\n<li>CRM<\/li>\n<li>Vendas B2B<\/li>\n<\/ul>\n<p>Escolaridade M\u00ednima: Ensino Superior<\/p>\n","protected":false},"excerpt":{"rendered":"<p>Vaga: Representante Comercial de Campo (PJ) | Segmento Condominial Voc\u00ea \u00e9 um(a) profissional de vendas que gosta de atuar em campo, construir relacionamento s\u00f3lido e trabalhar com vendas consultivas de m\u00e9dio ciclo? Tem perfil empreendedor, disciplina comercial e busca alto potencial de ganhos reais? Ent\u00e3o essa oportunidade pode ser para voc\u00ea. Sobre a posi\u00e7\u00e3o Nosso [&hellip;]<\/p>\n","protected":false},"author":1,"featured_media":0,"comment_status":"open","ping_status":"open","sticky":false,"template":"","format":"standard","meta":{"footnotes":""},"categories":[21],"tags":[],"class_list":["post-4017","post","type-post","status-publish","format-standard","hentry","category-rio-de-janeiro-rj"],"_links":{"self":[{"href":"https:\/\/vagas.portalemprego.com.br\/index.php?rest_route=\/wp\/v2\/posts\/4017","targetHints":{"allow":["GET"]}}],"collection":[{"href":"https:\/\/vagas.portalemprego.com.br\/index.php?rest_route=\/wp\/v2\/posts"}],"about":[{"href":"https:\/\/vagas.portalemprego.com.br\/index.php?rest_route=\/wp\/v2\/types\/post"}],"author":[{"embeddable":true,"href":"https:\/\/vagas.portalemprego.com.br\/index.php?rest_route=\/wp\/v2\/users\/1"}],"replies":[{"embeddable":true,"href":"https:\/\/vagas.portalemprego.com.br\/index.php?rest_route=%2Fwp%2Fv2%2Fcomments&post=4017"}],"version-history":[{"count":0,"href":"https:\/\/vagas.portalemprego.com.br\/index.php?rest_route=\/wp\/v2\/posts\/4017\/revisions"}],"wp:attachment":[{"href":"https:\/\/vagas.portalemprego.com.br\/index.php?rest_route=%2Fwp%2Fv2%2Fmedia&parent=4017"}],"wp:term":[{"taxonomy":"category","embeddable":true,"href":"https:\/\/vagas.portalemprego.com.br\/index.php?rest_route=%2Fwp%2Fv2%2Fcategories&post=4017"},{"taxonomy":"post_tag","embeddable":true,"href":"https:\/\/vagas.portalemprego.com.br\/index.php?rest_route=%2Fwp%2Fv2%2Ftags&post=4017"}],"curies":[{"name":"wp","href":"https:\/\/api.w.org\/{rel}","templated":true}]}}