{"id":4018,"date":"2026-04-29T06:20:20","date_gmt":"2026-04-29T09:20:20","guid":{"rendered":"https:\/\/vagas.portalemprego.com.br\/?p=4018"},"modified":"2026-04-29T06:20:20","modified_gmt":"2026-04-29T09:20:20","slug":"operador-de-logistica-i-pessoa-com-deficiencia-pcd-logistica-seropedica","status":"publish","type":"post","link":"https:\/\/vagas.portalemprego.com.br\/?p=4018","title":{"rendered":"Operador de Log\u00edstica I (Pessoa com Defici\u00eancia) (PCD) &#8211; Log\u00edstica &#8211; Serop\u00e9dica"},"content":{"rendered":"<p>Operador de Log\u00edstica I (Exclusivo Pessoa com Defici\u00eancia)<br \/>\nREQUISITOS:<br \/>\nPossuir Laudo da defici\u00eancia com CID<br \/>\nDisponibilidade de Hor\u00e1rio (Escala 6X1)<br \/>\nDisponibilidade para Trabalhar em Serop\u00e9dica (RJ)<br \/>\nRESPONSABILIDADES:<br \/>\nExecutar atividades relacionadas ao recebimento, armazenamento, separa\u00e7\u00e3o ou expedi\u00e7\u00e3o de produtos, garantindo a precis\u00e3o e efici\u00eancia dos processos log\u00edsticos e contribuindo para a manuten\u00e7\u00e3o da organiza\u00e7\u00e3o e controle do estoque.<\/p>\n<ul>\n<li>N\u00famero de vagas: 5<\/li>\n<li>Local de trabalho: Serop\u00e9dica, RJ<\/li>\n<li>Regime de contrata\u00e7\u00e3o de tipo: Efetivo \u2013 CLT<\/li>\n<li>Jornada: Per\u00edodo Integral<\/li>\n<li>\u00c1rea e especializa\u00e7\u00e3o profissional: Log\u00edstica &#8211; Distribui\u00e7\u00e3o, Recebimento e Expedi\u00e7\u00e3o<\/li>\n<li>N\u00edvel hier\u00e1rquico: Operacional<\/li>\n<\/ul>\n<p>VALORIZADO<\/p>\n<p>Tempo de experi\u00eancia: Sem experi\u00eancia<\/p>\n<p>HABILIDADES<\/p>\n<ul>\n<li>Pontualidade<\/li>\n<li>Proatividade<\/li>\n<li>Comprometimento<\/li>\n<\/ul>\n<p>Escolaridade M\u00ednima: Ensino M\u00e9dio (2\u00ba Grau)<\/p>\n<ul>\n<li>Descontos em cursos e universidades<\/li>\n<li>Seguro de Vida<\/li>\n<li>Plano Odontol\u00f3gico<\/li>\n<li>Plano de Sa\u00fade<\/li>\n<li>Vale transporte<\/li>\n<li>Alimenta\u00e7\u00e3o no Local<\/li>\n<li>Desconto nas Lojas Americanas<\/li>\n<li>WellHub<\/li>\n<\/ul>\n","protected":false},"excerpt":{"rendered":"<p>Operador de Log\u00edstica I (Exclusivo Pessoa com Defici\u00eancia) REQUISITOS: Possuir Laudo da defici\u00eancia com CID Disponibilidade de Hor\u00e1rio (Escala 6X1) Disponibilidade para Trabalhar em Serop\u00e9dica (RJ) RESPONSABILIDADES: Executar atividades relacionadas ao recebimento, armazenamento, separa\u00e7\u00e3o ou expedi\u00e7\u00e3o de produtos, garantindo a precis\u00e3o e efici\u00eancia dos processos log\u00edsticos e contribuindo para a manuten\u00e7\u00e3o da organiza\u00e7\u00e3o e controle [&hellip;]<\/p>\n","protected":false},"author":1,"featured_media":0,"comment_status":"open","ping_status":"open","sticky":false,"template":"","format":"standard","meta":{"footnotes":""},"categories":[21],"tags":[],"class_list":["post-4018","post","type-post","status-publish","format-standard","hentry","category-rio-de-janeiro-rj"],"_links":{"self":[{"href":"https:\/\/vagas.portalemprego.com.br\/index.php?rest_route=\/wp\/v2\/posts\/4018","targetHints":{"allow":["GET"]}}],"collection":[{"href":"https:\/\/vagas.portalemprego.com.br\/index.php?rest_route=\/wp\/v2\/posts"}],"about":[{"href":"https:\/\/vagas.portalemprego.com.br\/index.php?rest_route=\/wp\/v2\/types\/post"}],"author":[{"embeddable":true,"href":"https:\/\/vagas.portalemprego.com.br\/index.php?rest_route=\/wp\/v2\/users\/1"}],"replies":[{"embeddable":true,"href":"https:\/\/vagas.portalemprego.com.br\/index.php?rest_route=%2Fwp%2Fv2%2Fcomments&post=4018"}],"version-history":[{"count":0,"href":"https:\/\/vagas.portalemprego.com.br\/index.php?rest_route=\/wp\/v2\/posts\/4018\/revisions"}],"wp:attachment":[{"href":"https:\/\/vagas.portalemprego.com.br\/index.php?rest_route=%2Fwp%2Fv2%2Fmedia&parent=4018"}],"wp:term":[{"taxonomy":"category","embeddable":true,"href":"https:\/\/vagas.portalemprego.com.br\/index.php?rest_route=%2Fwp%2Fv2%2Fcategories&post=4018"},{"taxonomy":"post_tag","embeddable":true,"href":"https:\/\/vagas.portalemprego.com.br\/index.php?rest_route=%2Fwp%2Fv2%2Ftags&post=4018"}],"curies":[{"name":"wp","href":"https:\/\/api.w.org\/{rel}","templated":true}]}}