{"id":4021,"date":"2026-04-29T06:20:20","date_gmt":"2026-04-29T09:20:20","guid":{"rendered":"https:\/\/vagas.portalemprego.com.br\/?p=4021"},"modified":"2026-04-29T06:20:20","modified_gmt":"2026-04-29T09:20:20","slug":"aux-de-portaria-seguranca-rio-de-janeiro","status":"publish","type":"post","link":"https:\/\/vagas.portalemprego.com.br\/?p=4021","title":{"rendered":"AUX. DE PORTARIA &#8211; Seguran\u00e7a &#8211; Rio de Janeiro"},"content":{"rendered":"<p>Oportunidade: A Surgitextil est\u00e1 em busca de um Auxiliar de Portaria para se juntar \u00e0 nossa equipe. O cargo \u00e9 essencial para garantir a organiza\u00e7\u00e3o e o bom funcionamento do nosso ambiente de trabalho.<br \/>\nFun\u00e7\u00f5es:<br \/>\nGerenciar o fluxo de entrada e sa\u00edda de visitantes<br \/>\nCoordenar o atendimento ao p\u00fablico e funcion\u00e1rios<br \/>\nAuxiliar na organiza\u00e7\u00e3o de eventos e reuni\u00f5es<br \/>\nRequisitos:<br \/>\nExperi\u00eancia em fun\u00e7\u00f5es similares<br \/>\nConhecimento em normas de seguran\u00e7a e higiene<br \/>\nCapacidade de comunica\u00e7\u00e3o clara e efetiva<br \/>\nPostura e discri\u00e7\u00e3o s\u00e3o fundamentais<\/p>\n<p>A Surgitextil valoriza a diversidade e busca colaboradores que compartilhem de nossos valores.<\/p>\n<ul>\n<li>Local de trabalho: Rio de Janeiro, RJ<\/li>\n<li>Regime de contrata\u00e7\u00e3o de tipo: Efetivo \u2013 CLT<\/li>\n<li>Jornada: Noturno<\/li>\n<li>\u00c1rea e especializa\u00e7\u00e3o profissional: Seguran\u00e7a &#8211; Portaria Industrial, Comercial, Resid\u00eancial<\/li>\n<li>N\u00edvel hier\u00e1rquico: Operacional<\/li>\n<\/ul>\n<p>VALORIZADO<\/p>\n<p>Tempo de experi\u00eancia: Entre 1 e 3 anos<\/p>\n<p>HABILIDADES<\/p>\n<ul>\n<li>Proatividade<\/li>\n<li>Aten\u00e7\u00e3o aos detalhes<\/li>\n<li>Postura e discri\u00e7\u00e3o<\/li>\n<li>Boa comunica\u00e7\u00e3o<\/li>\n<\/ul>\n<p>Escolaridade M\u00ednima: Ensino M\u00e9dio (2\u00ba Grau)<\/p>\n<p>Forma\u00e7\u00e3o desejada:<\/p>\n<ul>\n<li>Ensino M\u00e9dio (2\u00ba Grau)<\/li>\n<\/ul>\n<ul>\n<li>Cesta b\u00e1sica<\/li>\n<li>Vale transporte<\/li>\n<li>Auxilio Educa\u00e7\u00e3o<\/li>\n<li>Plano de Sa\u00fade<\/li>\n<li>Plano Odontologico<\/li>\n<li>Seguro de Vida<\/li>\n<\/ul>\n<p>Sal\u00e1rio: 1941,0<\/p>\n","protected":false},"excerpt":{"rendered":"<p>Oportunidade: A Surgitextil est\u00e1 em busca de um Auxiliar de Portaria para se juntar \u00e0 nossa equipe. O cargo \u00e9 essencial para garantir a organiza\u00e7\u00e3o e o bom funcionamento do nosso ambiente de trabalho. Fun\u00e7\u00f5es: Gerenciar o fluxo de entrada e sa\u00edda de visitantes Coordenar o atendimento ao p\u00fablico e funcion\u00e1rios Auxiliar na organiza\u00e7\u00e3o de [&hellip;]<\/p>\n","protected":false},"author":1,"featured_media":0,"comment_status":"open","ping_status":"open","sticky":false,"template":"","format":"standard","meta":{"footnotes":""},"categories":[21],"tags":[],"class_list":["post-4021","post","type-post","status-publish","format-standard","hentry","category-rio-de-janeiro-rj"],"_links":{"self":[{"href":"https:\/\/vagas.portalemprego.com.br\/index.php?rest_route=\/wp\/v2\/posts\/4021","targetHints":{"allow":["GET"]}}],"collection":[{"href":"https:\/\/vagas.portalemprego.com.br\/index.php?rest_route=\/wp\/v2\/posts"}],"about":[{"href":"https:\/\/vagas.portalemprego.com.br\/index.php?rest_route=\/wp\/v2\/types\/post"}],"author":[{"embeddable":true,"href":"https:\/\/vagas.portalemprego.com.br\/index.php?rest_route=\/wp\/v2\/users\/1"}],"replies":[{"embeddable":true,"href":"https:\/\/vagas.portalemprego.com.br\/index.php?rest_route=%2Fwp%2Fv2%2Fcomments&post=4021"}],"version-history":[{"count":0,"href":"https:\/\/vagas.portalemprego.com.br\/index.php?rest_route=\/wp\/v2\/posts\/4021\/revisions"}],"wp:attachment":[{"href":"https:\/\/vagas.portalemprego.com.br\/index.php?rest_route=%2Fwp%2Fv2%2Fmedia&parent=4021"}],"wp:term":[{"taxonomy":"category","embeddable":true,"href":"https:\/\/vagas.portalemprego.com.br\/index.php?rest_route=%2Fwp%2Fv2%2Fcategories&post=4021"},{"taxonomy":"post_tag","embeddable":true,"href":"https:\/\/vagas.portalemprego.com.br\/index.php?rest_route=%2Fwp%2Fv2%2Ftags&post=4021"}],"curies":[{"name":"wp","href":"https:\/\/api.w.org\/{rel}","templated":true}]}}