{"id":4022,"date":"2026-04-29T06:20:20","date_gmt":"2026-04-29T09:20:20","guid":{"rendered":"https:\/\/vagas.portalemprego.com.br\/?p=4022"},"modified":"2026-04-29T06:20:20","modified_gmt":"2026-04-29T09:20:20","slug":"supervisor-de-vendas-externas-comercial-vendas-rio-de-janeiro","status":"publish","type":"post","link":"https:\/\/vagas.portalemprego.com.br\/?p=4022","title":{"rendered":"Supervisor de Vendas Externas &#8211; Comercial, Vendas &#8211; Rio de Janeiro"},"content":{"rendered":"<p>Supervisor de Vendas Externas<\/p>\n<p>Necess\u00e1rio possuir veiculo pr\u00f3prio , CNH ativa.<\/p>\n<p>Fun\u00e7\u00e3o: Ser\u00e1 respons\u00e1vel pela \u00e1rea comercial de telecom. , de pequenos pontos de vendas , atuando com planejamentos estrat\u00e9gicos, acompanhando e supervisionando a equipe formada por consultores.<\/p>\n<p>Sal\u00e1rio R$ 2.700,00 + Comiss\u00e3o<\/p>\n<p>&#8211; Cart\u00e3o Combust\u00edvel + Deprecia\u00e7\u00e3o do veiculo (R$100,00)<br \/>\n&#8211; Vale Refei\u00e7\u00e3o R$22,29 ao dia depositado em conta.<br \/>\n&#8211; Gympass (Wellhub)<br \/>\n&#8211; Conv\u00eanio m\u00e9dico (UNIMED Nacional) opcional;<br \/>\n&#8211; Conv\u00eanio odontol\u00f3gico (Bradesco) opcional;<br \/>\n&#8211; Parceria com universidades;<br \/>\n&#8211; Parceria com Sesc.<br \/>\n&#8211; Seguro de vida.<br \/>\n&#8211; Cart\u00e3o de cr\u00e9dito que libera 30 % do sal\u00e1rio com desconto em folha SE UTILIZADO.<\/p>\n<p>Escala:<br \/>\nSegunda a Sexta : 09:00 as 18:00<br \/>\nS\u00e1bado :\u00a009:00\u00a0as\u00a013:00<\/p>\n<p>Est\u00e1 interessado ou conhece algu\u00e9m que queira fazer parte do nosso time ?<br \/>\nPor favor, envie seu curr\u00edculo atualizado para nossa equipe de Recrutamento e Sele\u00e7\u00e3o:<\/p>\n<p>(11) 93903-0774 colocar no assunto &#8220;SUPERVISOR DE VENDAS&#8221;<\/p>\n<p>Aguardamos sua resposta.<\/p>\n<p>Equipe de Recrutamento e Sele\u00e7\u00e3o,<br \/>\nAlmaviva Experience<\/p>\n<ul>\n<li>Local de trabalho: Rio de Janeiro, RJ<\/li>\n<li>Regime de contrata\u00e7\u00e3o de tipo: Efetivo \u2013 CLT<\/li>\n<li>Jornada: Per\u00edodo Integral<\/li>\n<li>\u00c1rea e especializa\u00e7\u00e3o profissional: Comercial, Vendas &#8211; Venda Externa<\/li>\n<li>N\u00edvel hier\u00e1rquico: Supervisor<\/li>\n<\/ul>\n<p>Escolaridade M\u00ednima: Ensino M\u00e9dio (2\u00ba Grau)<\/p>\n<p>Habilita\u00e7\u00e3o para dirigir: B<\/p>\n<p>Ve\u00edculo pr\u00f3prio<\/p>\n<p>Sal\u00e1rio: 4000,0<\/p>\n","protected":false},"excerpt":{"rendered":"<p>Supervisor de Vendas Externas Necess\u00e1rio possuir veiculo pr\u00f3prio , CNH ativa. Fun\u00e7\u00e3o: Ser\u00e1 respons\u00e1vel pela \u00e1rea comercial de telecom. , de pequenos pontos de vendas , atuando com planejamentos estrat\u00e9gicos, acompanhando e supervisionando a equipe formada por consultores. Sal\u00e1rio R$ 2.700,00 + Comiss\u00e3o &#8211; Cart\u00e3o Combust\u00edvel + Deprecia\u00e7\u00e3o do veiculo (R$100,00) &#8211; Vale Refei\u00e7\u00e3o R$22,29 [&hellip;]<\/p>\n","protected":false},"author":1,"featured_media":0,"comment_status":"open","ping_status":"open","sticky":false,"template":"","format":"standard","meta":{"footnotes":""},"categories":[21],"tags":[],"class_list":["post-4022","post","type-post","status-publish","format-standard","hentry","category-rio-de-janeiro-rj"],"_links":{"self":[{"href":"https:\/\/vagas.portalemprego.com.br\/index.php?rest_route=\/wp\/v2\/posts\/4022","targetHints":{"allow":["GET"]}}],"collection":[{"href":"https:\/\/vagas.portalemprego.com.br\/index.php?rest_route=\/wp\/v2\/posts"}],"about":[{"href":"https:\/\/vagas.portalemprego.com.br\/index.php?rest_route=\/wp\/v2\/types\/post"}],"author":[{"embeddable":true,"href":"https:\/\/vagas.portalemprego.com.br\/index.php?rest_route=\/wp\/v2\/users\/1"}],"replies":[{"embeddable":true,"href":"https:\/\/vagas.portalemprego.com.br\/index.php?rest_route=%2Fwp%2Fv2%2Fcomments&post=4022"}],"version-history":[{"count":0,"href":"https:\/\/vagas.portalemprego.com.br\/index.php?rest_route=\/wp\/v2\/posts\/4022\/revisions"}],"wp:attachment":[{"href":"https:\/\/vagas.portalemprego.com.br\/index.php?rest_route=%2Fwp%2Fv2%2Fmedia&parent=4022"}],"wp:term":[{"taxonomy":"category","embeddable":true,"href":"https:\/\/vagas.portalemprego.com.br\/index.php?rest_route=%2Fwp%2Fv2%2Fcategories&post=4022"},{"taxonomy":"post_tag","embeddable":true,"href":"https:\/\/vagas.portalemprego.com.br\/index.php?rest_route=%2Fwp%2Fv2%2Ftags&post=4022"}],"curies":[{"name":"wp","href":"https:\/\/api.w.org\/{rel}","templated":true}]}}