{"id":4023,"date":"2026-04-29T06:20:20","date_gmt":"2026-04-29T09:20:20","guid":{"rendered":"https:\/\/vagas.portalemprego.com.br\/?p=4023"},"modified":"2026-04-29T06:20:20","modified_gmt":"2026-04-29T09:20:20","slug":"operador-de-producao-industrial-producao-fabrica-volta-redonda","status":"publish","type":"post","link":"https:\/\/vagas.portalemprego.com.br\/?p=4023","title":{"rendered":"Operador de Produ\u00e7\u00e3o &#8211; Industrial, Produ\u00e7\u00e3o, F\u00e1brica &#8211; Volta Redonda"},"content":{"rendered":"<p>Responsabilidades e atribui\u00e7\u00f5es:<br \/>\nOperar as m\u00e1quinas e equipamentos;<br \/>\nRealizar tarefas de acordo com cada linha\/\u00e1rea;<br \/>\nEncaixotar produtos;<br \/>\nPreencher controle de processos;<br \/>\nCumprir os procedimentos de qualidade e suas respectivas fichas t\u00e9cnicas.<br \/>\nRequisitos e qualifica\u00e7\u00f5es:<br \/>\nEnsino fundamental completo;<br \/>\nResidir em Volta Redonda, Barra Mansa, Pinheiral, Arrozal ou Pira\u00ed;<br \/>\nDisponibilidade para atuar no regime de turnos;<br \/>\nDisponibilidade para in\u00edcio na primeira quinzena de abril\/26.<\/p>\n<ul>\n<li>N\u00famero de vagas: 30<\/li>\n<li>Local de trabalho: Volta Redonda, RJ<\/li>\n<li>Regime de contrata\u00e7\u00e3o de tipo: Efetivo \u2013 CLT<\/li>\n<li>Jornada: Per\u00edodo Integral<\/li>\n<li>\u00c1rea e especializa\u00e7\u00e3o profissional: Industrial, Produ\u00e7\u00e3o, F\u00e1brica &#8211; Operador de M\u00e1quinas<\/li>\n<li>N\u00edvel hier\u00e1rquico: Operacional<\/li>\n<\/ul>\n<p>VALORIZADO<\/p>\n<p>Tempo de experi\u00eancia: Sem experi\u00eancia<\/p>\n<p>Escolaridade M\u00ednima: Ensino Fundamental (1\u00ba grau)<\/p>\n<ul>\n<li>Vale Alimenta\u00e7\u00e3o<\/li>\n<li>Aux\u00edlio farm\u00e1cia<\/li>\n<li>Plano de Sa\u00fade<\/li>\n<li>Vale transporte ou Vale Combust\u00edvel (sem desconto de 6%)<\/li>\n<li>Seguro de Vida<\/li>\n<li>Plano Odontol\u00f3gico<\/li>\n<li>PLR Semestral<\/li>\n<li>Refei\u00e7\u00f5es no local<\/li>\n<li>Benef\u00edcio de incentivo para a primeira gradua\u00e7\u00e3o (a partir de 12 meses)<\/li>\n<li>Gympass\/Wellhub<\/li>\n<li>Oportunidade de crescimento<\/li>\n<\/ul>\n","protected":false},"excerpt":{"rendered":"<p>Responsabilidades e atribui\u00e7\u00f5es: Operar as m\u00e1quinas e equipamentos; Realizar tarefas de acordo com cada linha\/\u00e1rea; Encaixotar produtos; Preencher controle de processos; Cumprir os procedimentos de qualidade e suas respectivas fichas t\u00e9cnicas. Requisitos e qualifica\u00e7\u00f5es: Ensino fundamental completo; Residir em Volta Redonda, Barra Mansa, Pinheiral, Arrozal ou Pira\u00ed; Disponibilidade para atuar no regime de turnos; Disponibilidade [&hellip;]<\/p>\n","protected":false},"author":1,"featured_media":0,"comment_status":"open","ping_status":"open","sticky":false,"template":"","format":"standard","meta":{"footnotes":""},"categories":[21],"tags":[],"class_list":["post-4023","post","type-post","status-publish","format-standard","hentry","category-rio-de-janeiro-rj"],"_links":{"self":[{"href":"https:\/\/vagas.portalemprego.com.br\/index.php?rest_route=\/wp\/v2\/posts\/4023","targetHints":{"allow":["GET"]}}],"collection":[{"href":"https:\/\/vagas.portalemprego.com.br\/index.php?rest_route=\/wp\/v2\/posts"}],"about":[{"href":"https:\/\/vagas.portalemprego.com.br\/index.php?rest_route=\/wp\/v2\/types\/post"}],"author":[{"embeddable":true,"href":"https:\/\/vagas.portalemprego.com.br\/index.php?rest_route=\/wp\/v2\/users\/1"}],"replies":[{"embeddable":true,"href":"https:\/\/vagas.portalemprego.com.br\/index.php?rest_route=%2Fwp%2Fv2%2Fcomments&post=4023"}],"version-history":[{"count":0,"href":"https:\/\/vagas.portalemprego.com.br\/index.php?rest_route=\/wp\/v2\/posts\/4023\/revisions"}],"wp:attachment":[{"href":"https:\/\/vagas.portalemprego.com.br\/index.php?rest_route=%2Fwp%2Fv2%2Fmedia&parent=4023"}],"wp:term":[{"taxonomy":"category","embeddable":true,"href":"https:\/\/vagas.portalemprego.com.br\/index.php?rest_route=%2Fwp%2Fv2%2Fcategories&post=4023"},{"taxonomy":"post_tag","embeddable":true,"href":"https:\/\/vagas.portalemprego.com.br\/index.php?rest_route=%2Fwp%2Fv2%2Ftags&post=4023"}],"curies":[{"name":"wp","href":"https:\/\/api.w.org\/{rel}","templated":true}]}}