{"id":4025,"date":"2026-04-29T06:18:18","date_gmt":"2026-04-29T09:18:18","guid":{"rendered":"https:\/\/vagas.portalemprego.com.br\/?p=4025"},"modified":"2026-04-29T06:18:18","modified_gmt":"2026-04-29T09:18:18","slug":"promotor-de-vendas-externas-regiao-dos-lagos-comercial-vendas-araruama","status":"publish","type":"post","link":"https:\/\/vagas.portalemprego.com.br\/?p=4025","title":{"rendered":"Promotor de Vendas Externas &#8211; REGI\u00c3O DOS LAGOS &#8211; Comercial, Vendas &#8211; Araruama"},"content":{"rendered":"<p>PROMOTOR DE VENDAS EXTERNAS &#8211; REGI\u00c3O DOS LAGOS &#8211; VENDEDOR PORTA A PORTA<\/p>\n<p>Responsabilidades:<br \/>\n&#8211; Prospectar resid\u00eancias para apresenta\u00e7\u00e3o e venda de produtos e seguros residenciais;<br \/>\n&#8211; Realizar visitas consultivas com foco em fidelizar novos clientes e identificar suas necessidades;<br \/>\n&#8211; Cumprir metas estabelecidas pela empresa;<\/p>\n<p>SAL\u00c1RIO R$1.635,51 + comiss\u00e3o SEM TETO<\/p>\n<p>&#8211; Oportunidades de crescimento profissional;<br \/>\n&#8211; VT R$16,00 ao dia pago em dinheiro;<br \/>\n&#8211; VR R$22,29 ao dia pago em dinheiro;<br \/>\n&#8211; Gympass (Wellhub)<br \/>\n&#8211; Conv\u00eanio m\u00e9dico (UNIMED Nacional) opcional;<br \/>\n&#8211; Conv\u00eanio odontol\u00f3gico (Bradesco) opcional;<br \/>\n&#8211; Parceria com universidades;<br \/>\n&#8211; Seguro de vida.<\/p>\n<p>Por favor, envie seu curr\u00edculo atualizado para nossa equipe de Recrutamento e Sele\u00e7\u00e3o:<br \/>\n (11) 93903-0774 colocar no assunto &#8220;PROMOTOR DE VENDAS EXTERNAS&#8221; <\/p>\n<p>Aguardamos sua resposta.<\/p>\n<p>Equipe de Recrutamento e Sele\u00e7\u00e3o,<br \/>\nAlmaviva Experience<\/p>\n<ul>\n<li>N\u00famero de vagas: 4<\/li>\n<li>Local de trabalho: Araruama, RJ<\/li>\n<li>Regime de contrata\u00e7\u00e3o de tipo: Efetivo \u2013 CLT<\/li>\n<li>Jornada: Per\u00edodo Integral<\/li>\n<li>\u00c1rea e especializa\u00e7\u00e3o profissional: Comercial, Vendas &#8211; Venda Externa<\/li>\n<li>N\u00edvel hier\u00e1rquico: Consultor<\/li>\n<\/ul>\n<p>VALORIZADO<\/p>\n<p>Tempo de experi\u00eancia: Menos de 1 ano<\/p>\n<p>Escolaridade M\u00ednima: Ensino M\u00e9dio (2\u00ba Grau)<\/p>\n<p>Sal\u00e1rio: 3000,0<\/p>\n","protected":false},"excerpt":{"rendered":"<p>PROMOTOR DE VENDAS EXTERNAS &#8211; REGI\u00c3O DOS LAGOS &#8211; VENDEDOR PORTA A PORTA Responsabilidades: &#8211; Prospectar resid\u00eancias para apresenta\u00e7\u00e3o e venda de produtos e seguros residenciais; &#8211; Realizar visitas consultivas com foco em fidelizar novos clientes e identificar suas necessidades; &#8211; Cumprir metas estabelecidas pela empresa; SAL\u00c1RIO R$1.635,51 + comiss\u00e3o SEM TETO &#8211; Oportunidades de [&hellip;]<\/p>\n","protected":false},"author":1,"featured_media":0,"comment_status":"open","ping_status":"open","sticky":false,"template":"","format":"standard","meta":{"footnotes":""},"categories":[21],"tags":[],"class_list":["post-4025","post","type-post","status-publish","format-standard","hentry","category-rio-de-janeiro-rj"],"_links":{"self":[{"href":"https:\/\/vagas.portalemprego.com.br\/index.php?rest_route=\/wp\/v2\/posts\/4025","targetHints":{"allow":["GET"]}}],"collection":[{"href":"https:\/\/vagas.portalemprego.com.br\/index.php?rest_route=\/wp\/v2\/posts"}],"about":[{"href":"https:\/\/vagas.portalemprego.com.br\/index.php?rest_route=\/wp\/v2\/types\/post"}],"author":[{"embeddable":true,"href":"https:\/\/vagas.portalemprego.com.br\/index.php?rest_route=\/wp\/v2\/users\/1"}],"replies":[{"embeddable":true,"href":"https:\/\/vagas.portalemprego.com.br\/index.php?rest_route=%2Fwp%2Fv2%2Fcomments&post=4025"}],"version-history":[{"count":0,"href":"https:\/\/vagas.portalemprego.com.br\/index.php?rest_route=\/wp\/v2\/posts\/4025\/revisions"}],"wp:attachment":[{"href":"https:\/\/vagas.portalemprego.com.br\/index.php?rest_route=%2Fwp%2Fv2%2Fmedia&parent=4025"}],"wp:term":[{"taxonomy":"category","embeddable":true,"href":"https:\/\/vagas.portalemprego.com.br\/index.php?rest_route=%2Fwp%2Fv2%2Fcategories&post=4025"},{"taxonomy":"post_tag","embeddable":true,"href":"https:\/\/vagas.portalemprego.com.br\/index.php?rest_route=%2Fwp%2Fv2%2Ftags&post=4025"}],"curies":[{"name":"wp","href":"https:\/\/api.w.org\/{rel}","templated":true}]}}