{"id":4026,"date":"2026-04-29T06:18:18","date_gmt":"2026-04-29T09:18:18","guid":{"rendered":"https:\/\/vagas.portalemprego.com.br\/?p=4026"},"modified":"2026-04-29T06:18:18","modified_gmt":"2026-04-29T09:18:18","slug":"vendedora-loja-breezy-vila-da-penha-comercial-vendas-rio-de-janeiro","status":"publish","type":"post","link":"https:\/\/vagas.portalemprego.com.br\/?p=4026","title":{"rendered":"VENDEDORA &#8211; LOJA BREEZY &#8211; VILA DA PENHA &#8211; Comercial, Vendas &#8211; Rio de Janeiro"},"content":{"rendered":"<p>Estar\u00e1\u00a0respons\u00e1vel\u00a0pelo\u00a0atendimento\u00a0e\u00a0vendas\u00a0ao\u00a0cliente;<br \/>\nOrganiza\u00e7\u00e3o\u00a0de\u00a0loja,\u00a0estoque\u00a0e\u00a0reposi\u00e7\u00e3o;<br \/>\nSuporte\u00a0Caixa\u00a0e\u00a0rotina\u00a0operacional\u00a0de\u00a0loja<br \/>\nRequisitos:<br \/>\nEnsino\u00a0M\u00e9dio\u00a0Completo<br \/>\nIdade\u00a0a\u00a0partir\u00a0de\u00a018\u00a0anos<br \/>\nSexo:\u00a0Feminino<br \/>\nN\u00e3o\u00a0exigimos\u00a0experi\u00eancia\u00a0&#8211;\u00a0Oportunidade\u00a0de\u00a01o.\u00a0emprego<br \/>\nBenef\u00edcios:<br \/>\n.\u00a0Vale\u00a0Transporte\u00a0Modal\u00a0\u00d4nibus<br \/>\n.\u00a0Ticket\u00a0Restaurante;<br \/>\nLocal<br \/>\nCarioca\u00a0Shopping\u00a0(Vila\u00a0da\u00a0Penha)<br \/>\nA\u00a0vaga\u00a0\u00e9\u00a0Efetiva\u00a0&#8211;\u00a0CLT<br \/>\nInicio\u00a0Imediato\u00a0&#8211;\u00a0Escala\u00a0de\u00a0Shopping:\u00a06&#215;1\u00a0&#8211;\u00a0Hor\u00e1rio\u00a0de\u00a0Fechamento\u00a0de\u00a0Loja<br \/>\nEnvia\u00a0seu\u00a0Curr\u00edculo\u00a0atualizado\u00a0e\u00a0com\u00a0foto.<br \/>\nInstagram:\u00a0@lojas.breezy<\/p>\n<ul>\n<li>N\u00famero de vagas: 2<\/li>\n<li>Local de trabalho: Rio de Janeiro, RJ<\/li>\n<li>Regime de contrata\u00e7\u00e3o de tipo: Efetivo \u2013 CLT<\/li>\n<li>Jornada: Parcial noites<\/li>\n<li>\u00c1rea e especializa\u00e7\u00e3o profissional: Comercial, Vendas &#8211; Lojas \/ Shopping<\/li>\n<li>N\u00edvel hier\u00e1rquico: Auxiliar<\/li>\n<\/ul>\n<p>VALORIZADO<\/p>\n<p>Tempo de experi\u00eancia: Sem experi\u00eancia<\/p>\n<p>Escolaridade M\u00ednima: Ensino M\u00e9dio (2\u00ba Grau)<\/p>\n<p>Sal\u00e1rio: 1700,0<\/p>\n","protected":false},"excerpt":{"rendered":"<p>Estar\u00e1\u00a0respons\u00e1vel\u00a0pelo\u00a0atendimento\u00a0e\u00a0vendas\u00a0ao\u00a0cliente; Organiza\u00e7\u00e3o\u00a0de\u00a0loja,\u00a0estoque\u00a0e\u00a0reposi\u00e7\u00e3o; Suporte\u00a0Caixa\u00a0e\u00a0rotina\u00a0operacional\u00a0de\u00a0loja Requisitos: Ensino\u00a0M\u00e9dio\u00a0Completo Idade\u00a0a\u00a0partir\u00a0de\u00a018\u00a0anos Sexo:\u00a0Feminino N\u00e3o\u00a0exigimos\u00a0experi\u00eancia\u00a0&#8211;\u00a0Oportunidade\u00a0de\u00a01o.\u00a0emprego Benef\u00edcios: .\u00a0Vale\u00a0Transporte\u00a0Modal\u00a0\u00d4nibus .\u00a0Ticket\u00a0Restaurante; Local Carioca\u00a0Shopping\u00a0(Vila\u00a0da\u00a0Penha) A\u00a0vaga\u00a0\u00e9\u00a0Efetiva\u00a0&#8211;\u00a0CLT Inicio\u00a0Imediato\u00a0&#8211;\u00a0Escala\u00a0de\u00a0Shopping:\u00a06&#215;1\u00a0&#8211;\u00a0Hor\u00e1rio\u00a0de\u00a0Fechamento\u00a0de\u00a0Loja Envia\u00a0seu\u00a0Curr\u00edculo\u00a0atualizado\u00a0e\u00a0com\u00a0foto. Instagram:\u00a0@lojas.breezy N\u00famero de vagas: 2 Local de trabalho: Rio de Janeiro, RJ Regime de contrata\u00e7\u00e3o de tipo: Efetivo \u2013 CLT Jornada: Parcial noites \u00c1rea e especializa\u00e7\u00e3o profissional: Comercial, Vendas &#8211; Lojas \/ Shopping N\u00edvel hier\u00e1rquico: Auxiliar VALORIZADO Tempo de [&hellip;]<\/p>\n","protected":false},"author":1,"featured_media":0,"comment_status":"open","ping_status":"open","sticky":false,"template":"","format":"standard","meta":{"footnotes":""},"categories":[21],"tags":[],"class_list":["post-4026","post","type-post","status-publish","format-standard","hentry","category-rio-de-janeiro-rj"],"_links":{"self":[{"href":"https:\/\/vagas.portalemprego.com.br\/index.php?rest_route=\/wp\/v2\/posts\/4026","targetHints":{"allow":["GET"]}}],"collection":[{"href":"https:\/\/vagas.portalemprego.com.br\/index.php?rest_route=\/wp\/v2\/posts"}],"about":[{"href":"https:\/\/vagas.portalemprego.com.br\/index.php?rest_route=\/wp\/v2\/types\/post"}],"author":[{"embeddable":true,"href":"https:\/\/vagas.portalemprego.com.br\/index.php?rest_route=\/wp\/v2\/users\/1"}],"replies":[{"embeddable":true,"href":"https:\/\/vagas.portalemprego.com.br\/index.php?rest_route=%2Fwp%2Fv2%2Fcomments&post=4026"}],"version-history":[{"count":0,"href":"https:\/\/vagas.portalemprego.com.br\/index.php?rest_route=\/wp\/v2\/posts\/4026\/revisions"}],"wp:attachment":[{"href":"https:\/\/vagas.portalemprego.com.br\/index.php?rest_route=%2Fwp%2Fv2%2Fmedia&parent=4026"}],"wp:term":[{"taxonomy":"category","embeddable":true,"href":"https:\/\/vagas.portalemprego.com.br\/index.php?rest_route=%2Fwp%2Fv2%2Fcategories&post=4026"},{"taxonomy":"post_tag","embeddable":true,"href":"https:\/\/vagas.portalemprego.com.br\/index.php?rest_route=%2Fwp%2Fv2%2Ftags&post=4026"}],"curies":[{"name":"wp","href":"https:\/\/api.w.org\/{rel}","templated":true}]}}