{"id":4031,"date":"2026-04-29T06:18:18","date_gmt":"2026-04-29T09:18:18","guid":{"rendered":"https:\/\/vagas.portalemprego.com.br\/?p=4031"},"modified":"2026-04-29T06:18:18","modified_gmt":"2026-04-29T09:18:18","slug":"executivo-comercial-comercial-vendas-rio-de-janeiro-3","status":"publish","type":"post","link":"https:\/\/vagas.portalemprego.com.br\/?p=4031","title":{"rendered":"Executivo Comercial &#8211; Comercial, Vendas &#8211; Rio de Janeiro"},"content":{"rendered":"<p>A Click Talentos RH busca um Executivo de Vendas para um cliente especialista em vendas de alto valor. Atualmente, orienta m\u00e9dicos, experts e mentores a estruturarem ofertas de alto valor e monetizarem seu conhecimento com estrat\u00e9gia, posicionamento e crescimento sustent\u00e1vel.<br \/>\nResumo da Fun\u00e7\u00e3o<br \/>\n Profissional respons\u00e1vel por atuar no ciclo completo de vendas, desde a prospec\u00e7\u00e3o ativa at\u00e9 o fechamento e p\u00f3s-venda inicial. Ser\u00e1 pe\u00e7a-chave na gera\u00e7\u00e3o de receita, previsibilidade comercial e expans\u00e3o sustent\u00e1vel do faturamento, com atua\u00e7\u00e3o presencial no Rio de Janeiro.<br \/>\nAtividades da posi\u00e7\u00e3o<br \/>\n \u2022 Prospectar e qualificar leads via Instagram e social selling estrat\u00e9gico<br \/>\n \u2022 Conduzir reuni\u00f5es comerciais consultivas e negociar condi\u00e7\u00f5es<br \/>\n \u2022 Realizar fechamentos com foco em convers\u00e3o e ticket m\u00e9dio<br \/>\n \u2022 Alimentar CRM e acompanhar indicadores de performance<br \/>\n \u2022 Participar de rituais, treinamentos e an\u00e1lises de metas<br \/>\n \u2022 Garantir handoff estruturado no p\u00f3s-venda inicial<\/p>\n<p>Requisitos T\u00e9cnicos<br \/>\n \u2022 Experi\u00eancia em SDR, pr\u00e9-vendas ou vendas consultivas<br \/>\n \u2022 Viv\u00eancia com vendas via Instagram e social selling<br \/>\n \u2022 Experi\u00eancia com CRM (Pipedrive, HubSpot, RD ou similares)<br \/>\n \u2022 Disponibilidade para atua\u00e7\u00e3o 100% presencial na Barra da Tijuca \/ RJ<br \/>\n \u2022 Disponibilidade para viagens<\/p>\n<p>Compet\u00eancias Comportamentais<br \/>\n \u2022 Forte orienta\u00e7\u00e3o para resultados e gera\u00e7\u00e3o de receita<br \/>\n \u2022 Comunica\u00e7\u00e3o persuasiva e escuta ativa<br \/>\n \u2022 Perfil comercial proativo e resiliente<br \/>\n \u2022 Organiza\u00e7\u00e3o, disciplina e senso de dono<br \/>\n \u2022 Capacidade de atuar sob metas e press\u00e3o<\/p>\n<ul>\n<li>Local de trabalho: Rio de Janeiro, RJ<\/li>\n<li>Regime de contrata\u00e7\u00e3o de tipo: Prestador de Servi\u00e7os (PJ)<\/li>\n<li>Jornada: Per\u00edodo Integral<\/li>\n<li>\u00c1rea e especializa\u00e7\u00e3o profissional: Comercial, Vendas &#8211; Venda Interna<\/li>\n<li>N\u00edvel hier\u00e1rquico: Consultor<\/li>\n<\/ul>\n<p>HABILIDADES<\/p>\n<ul>\n<li>Negocia\u00e7\u00e3o<\/li>\n<li>Prospec\u00e7\u00e3o<\/li>\n<li>CRM<\/li>\n<li>Vendas consultiva<\/li>\n<li>Venda B2B<\/li>\n<li>T\u00e9cnicas de vendas<\/li>\n<li>P\u00f3s Venda<\/li>\n<\/ul>\n<p>Escolaridade M\u00ednima: Ensino M\u00e9dio (2\u00ba Grau)<\/p>\n<p>Disponibilidade para viajar<\/p>\n<p>Sal\u00e1rio: 3500,0<\/p>\n","protected":false},"excerpt":{"rendered":"<p>A Click Talentos RH busca um Executivo de Vendas para um cliente especialista em vendas de alto valor. Atualmente, orienta m\u00e9dicos, experts e mentores a estruturarem ofertas de alto valor e monetizarem seu conhecimento com estrat\u00e9gia, posicionamento e crescimento sustent\u00e1vel. Resumo da Fun\u00e7\u00e3o Profissional respons\u00e1vel por atuar no ciclo completo de vendas, desde a prospec\u00e7\u00e3o [&hellip;]<\/p>\n","protected":false},"author":1,"featured_media":0,"comment_status":"open","ping_status":"open","sticky":false,"template":"","format":"standard","meta":{"footnotes":""},"categories":[21],"tags":[],"class_list":["post-4031","post","type-post","status-publish","format-standard","hentry","category-rio-de-janeiro-rj"],"_links":{"self":[{"href":"https:\/\/vagas.portalemprego.com.br\/index.php?rest_route=\/wp\/v2\/posts\/4031","targetHints":{"allow":["GET"]}}],"collection":[{"href":"https:\/\/vagas.portalemprego.com.br\/index.php?rest_route=\/wp\/v2\/posts"}],"about":[{"href":"https:\/\/vagas.portalemprego.com.br\/index.php?rest_route=\/wp\/v2\/types\/post"}],"author":[{"embeddable":true,"href":"https:\/\/vagas.portalemprego.com.br\/index.php?rest_route=\/wp\/v2\/users\/1"}],"replies":[{"embeddable":true,"href":"https:\/\/vagas.portalemprego.com.br\/index.php?rest_route=%2Fwp%2Fv2%2Fcomments&post=4031"}],"version-history":[{"count":0,"href":"https:\/\/vagas.portalemprego.com.br\/index.php?rest_route=\/wp\/v2\/posts\/4031\/revisions"}],"wp:attachment":[{"href":"https:\/\/vagas.portalemprego.com.br\/index.php?rest_route=%2Fwp%2Fv2%2Fmedia&parent=4031"}],"wp:term":[{"taxonomy":"category","embeddable":true,"href":"https:\/\/vagas.portalemprego.com.br\/index.php?rest_route=%2Fwp%2Fv2%2Fcategories&post=4031"},{"taxonomy":"post_tag","embeddable":true,"href":"https:\/\/vagas.portalemprego.com.br\/index.php?rest_route=%2Fwp%2Fv2%2Ftags&post=4031"}],"curies":[{"name":"wp","href":"https:\/\/api.w.org\/{rel}","templated":true}]}}