{"id":4035,"date":"2026-04-29T06:18:18","date_gmt":"2026-04-29T09:18:18","guid":{"rendered":"https:\/\/vagas.portalemprego.com.br\/?p=4035"},"modified":"2026-04-29T06:18:18","modified_gmt":"2026-04-29T09:18:18","slug":"operador-de-empilhadeira-logistica-rio-de-janeiro-2","status":"publish","type":"post","link":"https:\/\/vagas.portalemprego.com.br\/?p=4035","title":{"rendered":"Operador de Empilhadeira &#8211; Log\u00edstica &#8211; Rio de Janeiro"},"content":{"rendered":"<p>OPERADOR DE EMPILHADEIRA \u2013 RIO DE JANEIRO<br \/>\n Estamos em busca de um operador de empilhadeira respons\u00e1vel, atento e comprometido com a seguran\u00e7a e efici\u00eancia operacional para integrar nossa equipe. Se voc\u00ea tem experi\u00eancia com movimenta\u00e7\u00e3o de cargas e foco em organiza\u00e7\u00e3o, essa oportunidade \u00e9 para voc\u00ea.<br \/>\nRESPONSABILIDADES<br \/>\n\u2022 Operar empilhadeira para movimenta\u00e7\u00e3o de cargas e materiais<br \/>\n \u2022 Realizar inspe\u00e7\u00e3o di\u00e1ria do equipamento antes do uso<br \/>\n \u2022 Armazenar produtos nos locais designados de forma segura<br \/>\n \u2022 Auxiliar na carga e descarga de mercadorias<br \/>\n \u2022 Zelar pela conserva\u00e7\u00e3o do equipamento<br \/>\n \u2022 Seguir normas de seguran\u00e7a e procedimentos internos<br \/>\nLOCAL DE ATUA\u00c7\u00c3O<br \/>\nRio de Janeiro \u2013 unidades localizadas na capital e regi\u00e3o.<br \/>\nBENEF\u00cdCIOS OFERECIDOS<br \/>\n\u2022 Sal\u00e1rio compat\u00edvel com o mercado<br \/>\n \u2022 Vale-transporte<br \/>\n \u2022 Vale-refei\u00e7\u00e3o ou alimenta\u00e7\u00e3o<br \/>\n \u2022 Plano de sa\u00fade (quando dispon\u00edvel)<br \/>\n \u2022 Adicional noturno (se aplic\u00e1vel)<br \/>\n \u2022 Uniforme fornecido pela empresa<br \/>\n \u2022 Treinamentos e capacita\u00e7\u00e3o profissional<br \/>\n \u2022 Ambiente organizado e equipe colaborativa<br \/>\nROTINA DE TRABALHO<br \/>\n\u2022 Movimenta\u00e7\u00e3o di\u00e1ria de cargas em estoque, p\u00e1tio ou galp\u00e3o<br \/>\n \u2022 Confer\u00eancia de mercadorias recebidas e expedidas<br \/>\n \u2022 Organiza\u00e7\u00e3o de pallets e materiais armazenados<br \/>\n \u2022 Preenchimento de checklist do equipamento<br \/>\n \u2022 Comunica\u00e7\u00e3o de ocorr\u00eancias \u00e0 supervis\u00e3o<br \/>\nREQUISITOS<br \/>\n\u2022 Ensino m\u00e9dio completo<br \/>\n \u2022 Curso de operador de empilhadeira com certificado v\u00e1lido<br \/>\n \u2022 Experi\u00eancia na fun\u00e7\u00e3o ser\u00e1 diferencial<br \/>\n \u2022 Aten\u00e7\u00e3o, responsabilidade e foco em seguran\u00e7a<br \/>\n \u2022 Boa comunica\u00e7\u00e3o e trabalho em equipe<br \/>\n \u2022 Pontualidade e comprometimento<\/p>\n<ul>\n<li>N\u00famero de vagas: 20<\/li>\n<li>Local de trabalho: Rio de Janeiro, RJ<\/li>\n<li>Regime de contrata\u00e7\u00e3o de tipo: Efetivo \u2013 CLT<\/li>\n<li>Jornada: Per\u00edodo Integral<\/li>\n<li>\u00c1rea e especializa\u00e7\u00e3o profissional: Log\u00edstica &#8211; Estoque, Armazenagem, Dep\u00f3sito<\/li>\n<li>N\u00edvel hier\u00e1rquico: Operacional<\/li>\n<\/ul>\n<p>VALORIZADO<\/p>\n<p>Tempo de experi\u00eancia: Entre 1 e 3 anos<\/p>\n<p>Escolaridade M\u00ednima: Ensino Fundamental (1\u00ba grau)<\/p>\n","protected":false},"excerpt":{"rendered":"<p>OPERADOR DE EMPILHADEIRA \u2013 RIO DE JANEIRO Estamos em busca de um operador de empilhadeira respons\u00e1vel, atento e comprometido com a seguran\u00e7a e efici\u00eancia operacional para integrar nossa equipe. Se voc\u00ea tem experi\u00eancia com movimenta\u00e7\u00e3o de cargas e foco em organiza\u00e7\u00e3o, essa oportunidade \u00e9 para voc\u00ea. RESPONSABILIDADES \u2022 Operar empilhadeira para movimenta\u00e7\u00e3o de cargas e [&hellip;]<\/p>\n","protected":false},"author":1,"featured_media":0,"comment_status":"open","ping_status":"open","sticky":false,"template":"","format":"standard","meta":{"footnotes":""},"categories":[21],"tags":[],"class_list":["post-4035","post","type-post","status-publish","format-standard","hentry","category-rio-de-janeiro-rj"],"_links":{"self":[{"href":"https:\/\/vagas.portalemprego.com.br\/index.php?rest_route=\/wp\/v2\/posts\/4035","targetHints":{"allow":["GET"]}}],"collection":[{"href":"https:\/\/vagas.portalemprego.com.br\/index.php?rest_route=\/wp\/v2\/posts"}],"about":[{"href":"https:\/\/vagas.portalemprego.com.br\/index.php?rest_route=\/wp\/v2\/types\/post"}],"author":[{"embeddable":true,"href":"https:\/\/vagas.portalemprego.com.br\/index.php?rest_route=\/wp\/v2\/users\/1"}],"replies":[{"embeddable":true,"href":"https:\/\/vagas.portalemprego.com.br\/index.php?rest_route=%2Fwp%2Fv2%2Fcomments&post=4035"}],"version-history":[{"count":0,"href":"https:\/\/vagas.portalemprego.com.br\/index.php?rest_route=\/wp\/v2\/posts\/4035\/revisions"}],"wp:attachment":[{"href":"https:\/\/vagas.portalemprego.com.br\/index.php?rest_route=%2Fwp%2Fv2%2Fmedia&parent=4035"}],"wp:term":[{"taxonomy":"category","embeddable":true,"href":"https:\/\/vagas.portalemprego.com.br\/index.php?rest_route=%2Fwp%2Fv2%2Fcategories&post=4035"},{"taxonomy":"post_tag","embeddable":true,"href":"https:\/\/vagas.portalemprego.com.br\/index.php?rest_route=%2Fwp%2Fv2%2Ftags&post=4035"}],"curies":[{"name":"wp","href":"https:\/\/api.w.org\/{rel}","templated":true}]}}