{"id":4036,"date":"2026-04-29T06:18:18","date_gmt":"2026-04-29T09:18:18","guid":{"rendered":"https:\/\/vagas.portalemprego.com.br\/?p=4036"},"modified":"2026-04-29T06:18:18","modified_gmt":"2026-04-29T09:18:18","slug":"montador-de-andaime-construcao-manutencao-rio-de-janeiro-3","status":"publish","type":"post","link":"https:\/\/vagas.portalemprego.com.br\/?p=4036","title":{"rendered":"Montador de Andaime &#8211; Constru\u00e7\u00e3o, Manuten\u00e7\u00e3o &#8211; Rio de Janeiro"},"content":{"rendered":"<p>MONTADOR DE ANDAIME \u2013 RIO DE JANEIRO<br \/>\n Estamos em busca de um montador de andaime respons\u00e1vel, atento \u00e0s normas de seguran\u00e7a e comprometido com a qualidade do servi\u00e7o para integrar nossa equipe. Se voc\u00ea tem experi\u00eancia em trabalho em altura e gosta de atuar em obras e estruturas, essa oportunidade pode ser para voc\u00ea.<\/p>\n<p>RESPONSABILIDADES<br \/>\n. Montar e desmontar andaimes conforme projeto e normas t\u00e9cnicas<br \/>\n . Realizar inspe\u00e7\u00e3o de pe\u00e7as e estruturas antes do uso<br \/>\n . Garantir estabilidade e seguran\u00e7a das montagens<br \/>\n . Seguir rigorosamente normas de seguran\u00e7a do trabalho<br \/>\n . Auxiliar na organiza\u00e7\u00e3o de materiais e ferramentas<br \/>\n . Comunicar riscos ou irregularidades \u00e0 supervis\u00e3o<br \/>\nLOCAL DE ATUA\u00c7\u00c3O<br \/>\nRio de Janeiro \u2013 obras e projetos na capital e regi\u00e3o.<br \/>\nBENEF\u00cdCIOS OFERECIDOS<br \/>\n. Sal\u00e1rio compat\u00edvel com o mercado<br \/>\n . Vale-transporte<br \/>\n . Vale-refei\u00e7\u00e3o ou alimenta\u00e7\u00e3o<br \/>\n . Adicional de periculosidade\/insalubridade (quando aplic\u00e1vel)<br \/>\n . Equipamentos de prote\u00e7\u00e3o fornecidos pela empresa<br \/>\n . Treinamentos de seguran\u00e7a e capacita\u00e7\u00e3o<br \/>\n . Ambiente organizado e equipe colaborativa<br \/>\n . Possibilidade de crescimento profissional<br \/>\nROTINA DE TRABALHO<br \/>\n. Montagem e desmontagem de estruturas em obras e reformas<br \/>\n . Confer\u00eancia de pe\u00e7as antes e ap\u00f3s utiliza\u00e7\u00e3o<br \/>\n . Organiza\u00e7\u00e3o e armazenamento de materiais<br \/>\n . Cumprimento de procedimentos de seguran\u00e7a<br \/>\n . Comunica\u00e7\u00e3o constante com equipe e supervis\u00e3o<br \/>\nREQUISITOS<br \/>\n. Experi\u00eancia como montador de andaime ou em fun\u00e7\u00f5es similares<br \/>\n . Conhecimento b\u00e1sico de normas de seguran\u00e7a em altura<br \/>\n . Boa condi\u00e7\u00e3o f\u00edsica e disposi\u00e7\u00e3o para trabalho operacional<br \/>\n . Responsabilidade e aten\u00e7\u00e3o aos detalhes<br \/>\n . Comprometimento com hor\u00e1rios e tarefas<\/p>\n<ul>\n<li>N\u00famero de vagas: 40<\/li>\n<li>Local de trabalho: Rio de Janeiro, RJ<\/li>\n<li>Regime de contrata\u00e7\u00e3o de tipo: Efetivo \u2013 CLT<\/li>\n<li>Jornada: Per\u00edodo Integral<\/li>\n<li>\u00c1rea e especializa\u00e7\u00e3o profissional: Constru\u00e7\u00e3o, Manuten\u00e7\u00e3o &#8211; Constru\u00e7\u00e3o Civil<\/li>\n<li>N\u00edvel hier\u00e1rquico: Operacional<\/li>\n<\/ul>\n<p>VALORIZADO<\/p>\n<p>Tempo de experi\u00eancia: Entre 1 e 3 anos<\/p>\n<p>Escolaridade M\u00ednima: Ensino Fundamental (1\u00ba grau)<\/p>\n","protected":false},"excerpt":{"rendered":"<p>MONTADOR DE ANDAIME \u2013 RIO DE JANEIRO Estamos em busca de um montador de andaime respons\u00e1vel, atento \u00e0s normas de seguran\u00e7a e comprometido com a qualidade do servi\u00e7o para integrar nossa equipe. Se voc\u00ea tem experi\u00eancia em trabalho em altura e gosta de atuar em obras e estruturas, essa oportunidade pode ser para voc\u00ea. RESPONSABILIDADES [&hellip;]<\/p>\n","protected":false},"author":1,"featured_media":0,"comment_status":"open","ping_status":"open","sticky":false,"template":"","format":"standard","meta":{"footnotes":""},"categories":[21],"tags":[],"class_list":["post-4036","post","type-post","status-publish","format-standard","hentry","category-rio-de-janeiro-rj"],"_links":{"self":[{"href":"https:\/\/vagas.portalemprego.com.br\/index.php?rest_route=\/wp\/v2\/posts\/4036","targetHints":{"allow":["GET"]}}],"collection":[{"href":"https:\/\/vagas.portalemprego.com.br\/index.php?rest_route=\/wp\/v2\/posts"}],"about":[{"href":"https:\/\/vagas.portalemprego.com.br\/index.php?rest_route=\/wp\/v2\/types\/post"}],"author":[{"embeddable":true,"href":"https:\/\/vagas.portalemprego.com.br\/index.php?rest_route=\/wp\/v2\/users\/1"}],"replies":[{"embeddable":true,"href":"https:\/\/vagas.portalemprego.com.br\/index.php?rest_route=%2Fwp%2Fv2%2Fcomments&post=4036"}],"version-history":[{"count":0,"href":"https:\/\/vagas.portalemprego.com.br\/index.php?rest_route=\/wp\/v2\/posts\/4036\/revisions"}],"wp:attachment":[{"href":"https:\/\/vagas.portalemprego.com.br\/index.php?rest_route=%2Fwp%2Fv2%2Fmedia&parent=4036"}],"wp:term":[{"taxonomy":"category","embeddable":true,"href":"https:\/\/vagas.portalemprego.com.br\/index.php?rest_route=%2Fwp%2Fv2%2Fcategories&post=4036"},{"taxonomy":"post_tag","embeddable":true,"href":"https:\/\/vagas.portalemprego.com.br\/index.php?rest_route=%2Fwp%2Fv2%2Ftags&post=4036"}],"curies":[{"name":"wp","href":"https:\/\/api.w.org\/{rel}","templated":true}]}}