{"id":4037,"date":"2026-04-29T06:18:18","date_gmt":"2026-04-29T09:18:18","guid":{"rendered":"https:\/\/vagas.portalemprego.com.br\/?p=4037"},"modified":"2026-04-29T06:18:18","modified_gmt":"2026-04-29T09:18:18","slug":"porteiro-controlador-de-acesso-seguranca-rio-de-janeiro","status":"publish","type":"post","link":"https:\/\/vagas.portalemprego.com.br\/?p=4037","title":{"rendered":"Porteiro Controlador de Acesso &#8211; Seguran\u00e7a &#8211; Rio de Janeiro"},"content":{"rendered":"<p>PORTEIRO CONTROLADOR DE ACESSO \u2013 RIO DE JANEIRO<br \/>\n Estamos em busca de um porteiro controlador de acesso atento, respons\u00e1vel e comprometido para integrar nossa equipe em um ambiente organizado e profissional. Se voc\u00ea tem perfil observador, postura firme e gosta de trabalhar com seguran\u00e7a e atendimento ao p\u00fablico, esta oportunidade \u00e9 para voc\u00ea.<\/p>\n<p>RESPONSABILIDADES<br \/>\nControlar entrada e sa\u00edda de pessoas, ve\u00edculos e visitantes.<br \/>\nRealizar identifica\u00e7\u00e3o e cadastro de acessos conforme normas internas.<br \/>\nMonitorar movimenta\u00e7\u00f5es e zelar pela seguran\u00e7a do local.<br \/>\nOrientar visitantes e prestadores de servi\u00e7o com cordialidade.<br \/>\nComunicar ocorr\u00eancias e irregularidades \u00e0 supervis\u00e3o.<br \/>\n Preencher registros e relat\u00f3rios de controle de acesso.<\/p>\n<p>LOCAL DE ATUA\u00c7\u00c3O<br \/>\nRio de Janeiro \u2013 unidade localizada na capital, com f\u00e1cil acesso.<\/p>\n<p>BENEF\u00cdCIOS OFERECIDOS<br \/>\nSal\u00e1rio compat\u00edvel com o mercado.<br \/>\n Vale-transporte.<br \/>\n Vale-refei\u00e7\u00e3o ou alimenta\u00e7\u00e3o.<br \/>\n Plano de sa\u00fade.<br \/>\n Adicional noturno (quando aplic\u00e1vel).<br \/>\n Uniforme fornecido pela empresa.<br \/>\n Treinamento e capacita\u00e7\u00e3o cont\u00ednua.<br \/>\n Ambiente organizado e equipe colaborativa.<br \/>\n Escala de trabalho conforme conven\u00e7\u00e3o coletiva, com folgas garantidas.<\/p>\n<p>ROTINA DE TRABALHO<br \/>\nEscala 12&#215;36 ou 6&#215;1 (conforme posto).<br \/>\n Controle de acesso de colaboradores, visitantes e ve\u00edculos.<br \/>\n Registro de movimenta\u00e7\u00f5es em sistema ou livro de ocorr\u00eancias.<br \/>\n Rondas preventivas quando necess\u00e1rio.<br \/>\n Apoio \u00e0 recep\u00e7\u00e3o e orienta\u00e7\u00e3o de p\u00fablico.<br \/>\n Encerramento do turno com relat\u00f3rio e passagem de informa\u00e7\u00f5es ao pr\u00f3ximo colaborador.<\/p>\n<p>REQUISITOS<br \/>\nEnsino m\u00e9dio completo.<br \/>\n Experi\u00eancia na fun\u00e7\u00e3o ou \u00e1rea de portaria\/seguran\u00e7a ser\u00e1 diferencial.<br \/>\n Boa comunica\u00e7\u00e3o e postura profissional.<br \/>\n Aten\u00e7\u00e3o aos detalhes e senso de responsabilidade.<br \/>\n Pontualidade e comprometimento.<\/p>\n<ul>\n<li>N\u00famero de vagas: 20<\/li>\n<li>Local de trabalho: Rio de Janeiro, RJ<\/li>\n<li>Regime de contrata\u00e7\u00e3o de tipo: Efetivo \u2013 CLT<\/li>\n<li>Jornada: Per\u00edodo Integral<\/li>\n<li>\u00c1rea e especializa\u00e7\u00e3o profissional: Seguran\u00e7a &#8211; Portaria Industrial, Comercial, Resid\u00eancial<\/li>\n<li>N\u00edvel hier\u00e1rquico: Operacional<\/li>\n<\/ul>\n<p>VALORIZADO<\/p>\n<p>Tempo de experi\u00eancia: Entre 1 e 3 anos<\/p>\n<p>Escolaridade M\u00ednima: Ensino Fundamental (1\u00ba grau)<\/p>\n","protected":false},"excerpt":{"rendered":"<p>PORTEIRO CONTROLADOR DE ACESSO \u2013 RIO DE JANEIRO Estamos em busca de um porteiro controlador de acesso atento, respons\u00e1vel e comprometido para integrar nossa equipe em um ambiente organizado e profissional. Se voc\u00ea tem perfil observador, postura firme e gosta de trabalhar com seguran\u00e7a e atendimento ao p\u00fablico, esta oportunidade \u00e9 para voc\u00ea. RESPONSABILIDADES Controlar [&hellip;]<\/p>\n","protected":false},"author":1,"featured_media":0,"comment_status":"open","ping_status":"open","sticky":false,"template":"","format":"standard","meta":{"footnotes":""},"categories":[21],"tags":[],"class_list":["post-4037","post","type-post","status-publish","format-standard","hentry","category-rio-de-janeiro-rj"],"_links":{"self":[{"href":"https:\/\/vagas.portalemprego.com.br\/index.php?rest_route=\/wp\/v2\/posts\/4037","targetHints":{"allow":["GET"]}}],"collection":[{"href":"https:\/\/vagas.portalemprego.com.br\/index.php?rest_route=\/wp\/v2\/posts"}],"about":[{"href":"https:\/\/vagas.portalemprego.com.br\/index.php?rest_route=\/wp\/v2\/types\/post"}],"author":[{"embeddable":true,"href":"https:\/\/vagas.portalemprego.com.br\/index.php?rest_route=\/wp\/v2\/users\/1"}],"replies":[{"embeddable":true,"href":"https:\/\/vagas.portalemprego.com.br\/index.php?rest_route=%2Fwp%2Fv2%2Fcomments&post=4037"}],"version-history":[{"count":0,"href":"https:\/\/vagas.portalemprego.com.br\/index.php?rest_route=\/wp\/v2\/posts\/4037\/revisions"}],"wp:attachment":[{"href":"https:\/\/vagas.portalemprego.com.br\/index.php?rest_route=%2Fwp%2Fv2%2Fmedia&parent=4037"}],"wp:term":[{"taxonomy":"category","embeddable":true,"href":"https:\/\/vagas.portalemprego.com.br\/index.php?rest_route=%2Fwp%2Fv2%2Fcategories&post=4037"},{"taxonomy":"post_tag","embeddable":true,"href":"https:\/\/vagas.portalemprego.com.br\/index.php?rest_route=%2Fwp%2Fv2%2Ftags&post=4037"}],"curies":[{"name":"wp","href":"https:\/\/api.w.org\/{rel}","templated":true}]}}