{"id":4039,"date":"2026-04-29T06:18:18","date_gmt":"2026-04-29T09:18:18","guid":{"rendered":"https:\/\/vagas.portalemprego.com.br\/?p=4039"},"modified":"2026-04-29T06:18:18","modified_gmt":"2026-04-29T09:18:18","slug":"auxiliar-administrativo-pcd-educacao-ensino-idiomas-rio-de-janeiro","status":"publish","type":"post","link":"https:\/\/vagas.portalemprego.com.br\/?p=4039","title":{"rendered":"Auxiliar Administrativo (PCD) &#8211; Educa\u00e7\u00e3o, Ensino, Idiomas &#8211; Rio de Janeiro"},"content":{"rendered":"<p>Auxiliar Administrativo ?Vaga\u00a0destinada\u00a0a\u00a0pessoas\u00a0com\u00a0defici\u00eancia\u00a0(PCD)<\/p>\n<p>IBMR \u2013 Campus Barra<br \/>\n  Modalidade: Presencial<br \/>\n  Hor\u00e1rio: Segunda a sexta-feira, das 13h \u00e0s 23h (com 1h12 de intervalo)<br \/>\n Carga hor\u00e1ria: 220h mensais<br \/>\nSobre a oportunidade<br \/>\nO IBMR \u2013 Campus Barra est\u00e1 em busca de um(a) Auxiliar Administrativo para atuar no Laborat\u00f3rio de Cl\u00ednica Integrada, contribuindo para a organiza\u00e7\u00e3o, qualidade no atendimento e suporte \u00e0s atividades administrativas da unidade.<br \/>\nBuscamos um perfil organizado, comunicativo e proativo, que goste de trabalhar com atendimento ao p\u00fablico e suporte \u00e0s rotinas administrativas.<br \/>\nPrincipais responsabilidades<br \/>\nRealizar atendimento presencial, telef\u00f4nico e por e-mail a alunos, colaboradores, fornecedores e visitantes;<br \/>\nControlar entrada e sa\u00edda de pessoas, conforme procedimentos internos;<br \/>\nOrganizar a recep\u00e7\u00e3o e zelar pelo ambiente de atendimento;<br \/>\nAuxiliar no agendamento de salas, reuni\u00f5es e atendimentos;<br \/>\nRegistrar informa\u00e7\u00f5es em sistemas internos, planilhas e relat\u00f3rios;<br \/>\nReceber, conferir e encaminhar documentos;<br \/>\nApoiar demandas administrativas como arquivamento, controle de materiais e impress\u00e3o de documentos;<br \/>\nPrestar suporte em comunicados internos e eventos institucionais;<br \/>\nManter alinhamento com demais \u00e1reas para garantir fluidez nas rotinas di\u00e1rias.<br \/>\n Requisitos<br \/>\n? Ensino M\u00e9dio completo<br \/>\n ? Desej\u00e1vel curso t\u00e9cnico ou ensino superior em andamento em Administra\u00e7\u00e3o, Gest\u00e3o ou \u00e1reas correlatas<br \/>\n ? Experi\u00eancia pr\u00e9via com atendimento ao p\u00fablico ou recep\u00e7\u00e3o<br \/>\n ? Boa comunica\u00e7\u00e3o verbal e escrita<br \/>\n ? Organiza\u00e7\u00e3o, proatividade e postura profissional<br \/>\n ? Conhecimento b\u00e1sico em inform\u00e1tica e Pacote Office<\/p>\n<ul>\n<li>Local de trabalho: Rio de Janeiro, RJ<\/li>\n<li>Regime de contrata\u00e7\u00e3o de tipo: Efetivo \u2013 CLT<\/li>\n<li>Jornada: Parcial noites<\/li>\n<li>\u00c1rea e especializa\u00e7\u00e3o profissional: Educa\u00e7\u00e3o, Ensino, Idiomas &#8211; Ensino Superior<\/li>\n<li>N\u00edvel hier\u00e1rquico: Auxiliar<\/li>\n<\/ul>\n<p>VALORIZADO<\/p>\n<p>Tempo de experi\u00eancia: Entre 1 e 3 anos<\/p>\n<p>Escolaridade M\u00ednima: Ensino M\u00e9dio (2\u00ba Grau)<\/p>\n<ul>\n<li>Bolsa de Estudos<\/li>\n<li>conv\u00eanio odontol\u00f3gico<\/li>\n<li>conv\u00eanio m\u00e9dico<\/li>\n<li>vale transporte<\/li>\n<\/ul>\n<p>Sal\u00e1rio: 1621,0<\/p>\n","protected":false},"excerpt":{"rendered":"<p>Auxiliar Administrativo ?Vaga\u00a0destinada\u00a0a\u00a0pessoas\u00a0com\u00a0defici\u00eancia\u00a0(PCD) IBMR \u2013 Campus Barra Modalidade: Presencial Hor\u00e1rio: Segunda a sexta-feira, das 13h \u00e0s 23h (com 1h12 de intervalo) Carga hor\u00e1ria: 220h mensais Sobre a oportunidade O IBMR \u2013 Campus Barra est\u00e1 em busca de um(a) Auxiliar Administrativo para atuar no Laborat\u00f3rio de Cl\u00ednica Integrada, contribuindo para a organiza\u00e7\u00e3o, qualidade no atendimento e [&hellip;]<\/p>\n","protected":false},"author":1,"featured_media":0,"comment_status":"open","ping_status":"open","sticky":false,"template":"","format":"standard","meta":{"footnotes":""},"categories":[21],"tags":[],"class_list":["post-4039","post","type-post","status-publish","format-standard","hentry","category-rio-de-janeiro-rj"],"_links":{"self":[{"href":"https:\/\/vagas.portalemprego.com.br\/index.php?rest_route=\/wp\/v2\/posts\/4039","targetHints":{"allow":["GET"]}}],"collection":[{"href":"https:\/\/vagas.portalemprego.com.br\/index.php?rest_route=\/wp\/v2\/posts"}],"about":[{"href":"https:\/\/vagas.portalemprego.com.br\/index.php?rest_route=\/wp\/v2\/types\/post"}],"author":[{"embeddable":true,"href":"https:\/\/vagas.portalemprego.com.br\/index.php?rest_route=\/wp\/v2\/users\/1"}],"replies":[{"embeddable":true,"href":"https:\/\/vagas.portalemprego.com.br\/index.php?rest_route=%2Fwp%2Fv2%2Fcomments&post=4039"}],"version-history":[{"count":0,"href":"https:\/\/vagas.portalemprego.com.br\/index.php?rest_route=\/wp\/v2\/posts\/4039\/revisions"}],"wp:attachment":[{"href":"https:\/\/vagas.portalemprego.com.br\/index.php?rest_route=%2Fwp%2Fv2%2Fmedia&parent=4039"}],"wp:term":[{"taxonomy":"category","embeddable":true,"href":"https:\/\/vagas.portalemprego.com.br\/index.php?rest_route=%2Fwp%2Fv2%2Fcategories&post=4039"},{"taxonomy":"post_tag","embeddable":true,"href":"https:\/\/vagas.portalemprego.com.br\/index.php?rest_route=%2Fwp%2Fv2%2Ftags&post=4039"}],"curies":[{"name":"wp","href":"https:\/\/api.w.org\/{rel}","templated":true}]}}