{"id":4040,"date":"2026-04-29T06:18:18","date_gmt":"2026-04-29T09:18:18","guid":{"rendered":"https:\/\/vagas.portalemprego.com.br\/?p=4040"},"modified":"2026-04-29T06:18:18","modified_gmt":"2026-04-29T09:18:18","slug":"promotora-de-vendas-externoa-comercial-vendas-nova-iguacu","status":"publish","type":"post","link":"https:\/\/vagas.portalemprego.com.br\/?p=4040","title":{"rendered":"PROMOTOR(A) DE VENDAS EXTERNO(A) &#8211; Comercial, Vendas &#8211; Nova Igua\u00e7u"},"content":{"rendered":"<p>?? VAGA: PROMOTOR(A) DE VENDAS EXTERNO(A) <\/p>\n<p>Ol\u00e1! Tudo bem? ?? Me chamo Taiane e fa\u00e7o parte do time de Recrutamento e Sele\u00e7\u00e3o da Almaviva Experience! Somos uma multinacional italiana, com mais de 14 anos de hist\u00f3ria no Brasil, e estamos com uma super oportunidade que tem tudo a ver com o seu perfil!<\/p>\n<p>?? Atividades do dia a dia: Abordar e sondar pessoas em locais p\u00fablicos<br \/>\n?? Trabalhar com argumenta\u00e7\u00e3o para reverter negativas<br \/>\n?? Realizar vendas, portabilidades<br \/>\nAtiva\u00e7\u00f5es do chip pr\u00e9-pago da operadora Claro ??<\/p>\n<p>?? Sal\u00e1rio: R$ 1.621,00 + comiss\u00f5es de at\u00e9 R$ 1.500,00<br \/>\n?? Contrato: CLT ??<\/p>\n<p>Benef\u00edcios atrativos:<br \/>\nVale Transporte (R$ 16,00\/dia) ??<br \/>\nVale Refei\u00e7\u00e3o (R$ 22,72\/dia) ??<br \/>\nAssist\u00eancia M\u00e9dica e Odontol\u00f3gica ??<br \/>\nSeguro de Vida 100% pago pela empresa ?<br \/>\nGympass (descontos em academias) ???<br \/>\nDescontos em Faculdades ??<br \/>\nPlano de Carreira ??<br \/>\nConv\u00eanio com Sesc<br \/>\nParceria com a Pet Love ????<br \/>\nAux\u00edlio Creche (para crian\u00e7as de at\u00e9 4 anos) ??<br \/>\nMoVida \u2013 Desconto em aluguel de carro ?? <\/p>\n<p>Possibilidade de empr\u00e9stimo consignado com condi\u00e7\u00f5es especiais, dispon\u00edvel para colaboradores efetivados ??<br \/>\nCart\u00e3o Bulla permite antecipar sal\u00e1rio e fazer compras com condi\u00e7\u00f5es especiais ??<\/p>\n<p>? Hor\u00e1rio de Trabalho: Segunda a sexta: das 09h \u00e0s 18h<br \/>\nS\u00e1bados: meio per\u00edodo<\/p>\n<p>Se voc\u00ea se interessou, \u00e9 s\u00f3 enviar seu curr\u00edculo atualizado junto com a regi\u00e3o onde mora, para darmos sequ\u00eancia no processo! ??<br \/>\nE se essa n\u00e3o for a sua hora, fique \u00e0 vontade para indicar essa vaga para algu\u00e9m que est\u00e1 em busca de uma oportunidade! ??<br \/>\nEsperamos por voc\u00ea! ???<\/p>\n<p>Envie seu curr\u00edculo por WhatsApp: (11) 97607-8348<\/p>\n<ul>\n<li>N\u00famero de vagas: 15<\/li>\n<li>Local de trabalho: Nova Igua\u00e7u, RJ<\/li>\n<li>Regime de contrata\u00e7\u00e3o de tipo: Efetivo \u2013 CLT<\/li>\n<li>Jornada: Per\u00edodo Integral<\/li>\n<li>\u00c1rea e especializa\u00e7\u00e3o profissional: Comercial, Vendas &#8211; Venda Externa<\/li>\n<li>N\u00edvel hier\u00e1rquico: Operacional<\/li>\n<\/ul>\n<p>VALORIZADO<\/p>\n<p>Tempo de experi\u00eancia: Sem experi\u00eancia<\/p>\n<p>Escolaridade M\u00ednima: Ensino Fundamental (1\u00ba grau)<\/p>\n<p>Sal\u00e1rio: 2000,0<\/p>\n","protected":false},"excerpt":{"rendered":"<p>?? VAGA: PROMOTOR(A) DE VENDAS EXTERNO(A) Ol\u00e1! Tudo bem? ?? Me chamo Taiane e fa\u00e7o parte do time de Recrutamento e Sele\u00e7\u00e3o da Almaviva Experience! Somos uma multinacional italiana, com mais de 14 anos de hist\u00f3ria no Brasil, e estamos com uma super oportunidade que tem tudo a ver com o seu perfil! ?? Atividades [&hellip;]<\/p>\n","protected":false},"author":1,"featured_media":0,"comment_status":"open","ping_status":"open","sticky":false,"template":"","format":"standard","meta":{"footnotes":""},"categories":[21],"tags":[],"class_list":["post-4040","post","type-post","status-publish","format-standard","hentry","category-rio-de-janeiro-rj"],"_links":{"self":[{"href":"https:\/\/vagas.portalemprego.com.br\/index.php?rest_route=\/wp\/v2\/posts\/4040","targetHints":{"allow":["GET"]}}],"collection":[{"href":"https:\/\/vagas.portalemprego.com.br\/index.php?rest_route=\/wp\/v2\/posts"}],"about":[{"href":"https:\/\/vagas.portalemprego.com.br\/index.php?rest_route=\/wp\/v2\/types\/post"}],"author":[{"embeddable":true,"href":"https:\/\/vagas.portalemprego.com.br\/index.php?rest_route=\/wp\/v2\/users\/1"}],"replies":[{"embeddable":true,"href":"https:\/\/vagas.portalemprego.com.br\/index.php?rest_route=%2Fwp%2Fv2%2Fcomments&post=4040"}],"version-history":[{"count":0,"href":"https:\/\/vagas.portalemprego.com.br\/index.php?rest_route=\/wp\/v2\/posts\/4040\/revisions"}],"wp:attachment":[{"href":"https:\/\/vagas.portalemprego.com.br\/index.php?rest_route=%2Fwp%2Fv2%2Fmedia&parent=4040"}],"wp:term":[{"taxonomy":"category","embeddable":true,"href":"https:\/\/vagas.portalemprego.com.br\/index.php?rest_route=%2Fwp%2Fv2%2Fcategories&post=4040"},{"taxonomy":"post_tag","embeddable":true,"href":"https:\/\/vagas.portalemprego.com.br\/index.php?rest_route=%2Fwp%2Fv2%2Ftags&post=4040"}],"curies":[{"name":"wp","href":"https:\/\/api.w.org\/{rel}","templated":true}]}}