{"id":4041,"date":"2026-04-29T06:18:18","date_gmt":"2026-04-29T09:18:18","guid":{"rendered":"https:\/\/vagas.portalemprego.com.br\/?p=4041"},"modified":"2026-04-29T06:18:18","modified_gmt":"2026-04-29T09:18:18","slug":"auxiliar-tecnico-automacao-industrial-industrial-producao-fabrica-rio-de-janeiro","status":"publish","type":"post","link":"https:\/\/vagas.portalemprego.com.br\/?p=4041","title":{"rendered":"Auxiliar T\u00e9cnico &#8211; Automa\u00e7\u00e3o Industrial &#8211; Industrial, Produ\u00e7\u00e3o, F\u00e1brica &#8211; Rio de Janeiro"},"content":{"rendered":"<p>Voc\u00ea acabou de se formar em T\u00e9cnico de Automa\u00e7\u00e3o e est\u00e1 pronto(a) para iniciar sua jornada profissional?<br \/>\nNa Elo Automa\u00e7\u00e3o, acreditamos que talento e dedica\u00e7\u00e3o valem mais do que anos de experi\u00eancia. Por isso, criamos um ambiente que investe no seu aprendizado e desenvolve suas habilidades t\u00e9cnicas e comportamentais desde o primeiro dia.<\/p>\n<p>O que voc\u00ea vai encontrar aqui:<\/p>\n<p>Programa de capacita\u00e7\u00e3o t\u00e9cnica cont\u00ednua com treinamentos pr\u00e1ticos e te\u00f3ricos;<br \/>\nOportunidade de atuar em projetos reais desde o in\u00edcio;<br \/>\nMentoria com profissionais experientes para acelerar seu crescimento;<br \/>\nAmbiente colaborativo, com foco em inova\u00e7\u00e3o e melhoria constante.<br \/>\nCultura de aprendizado cont\u00ednuo e evolu\u00e7\u00e3o profissional<\/p>\n<p>Requisitos:<\/p>\n<p>Forma\u00e7\u00e3o t\u00e9cnica completa em Automa\u00e7\u00e3o Industrial, Eletr\u00f4nica, Mecatr\u00f4nica ou Eletrot\u00e9cnica. (conclus\u00e3o nos \u00faltimos 2 anos);<br \/>\nPaix\u00e3o por tecnologia e desejo de aprender continuamente;<\/p>\n<p>Porque essa vaga \u00e9 para voc\u00ea:<\/p>\n<p>Se voc\u00ea gosta de colocar a m\u00e3o na massa, tem sede de conhecimento e quer construir uma carreira s\u00f3lida na \u00e1rea de automa\u00e7\u00e3o, aqui voc\u00ea ter\u00e1 a chance de aprender com quem \u00e9 refer\u00eancia no mercado e crescer junto com a empresa.<\/p>\n<p>Hor\u00e1rio: Segunda \u00e0 sexta das 8h \u00e0s 17h e S\u00e1bados Home office at\u00e9 12h<\/p>\n<ul>\n<li>Local de trabalho: Rio de Janeiro, RJ<\/li>\n<li>Regime de contrata\u00e7\u00e3o de tipo: Efetivo \u2013 CLT<\/li>\n<li>Jornada: Per\u00edodo Integral<\/li>\n<li>\u00c1rea e especializa\u00e7\u00e3o profissional: Industrial, Produ\u00e7\u00e3o, F\u00e1brica &#8211; Instrumenta\u00e7\u00e3o Industrial<\/li>\n<li>N\u00edvel hier\u00e1rquico: Auxiliar<\/li>\n<\/ul>\n<p>VALORIZADO<\/p>\n<p>Tempo de experi\u00eancia: Menos de 1 ano<\/p>\n<p>Escolaridade M\u00ednima: Curso T\u00e9cnico<\/p>\n<ul>\n<li>Ajuda de Custo \/ Passagem: R$ 375,00<\/li>\n<li>Alimenta\u00e7\u00e3o: R$ 35,00\/dia e R$4,50\/dia caf\u00e9 da manh\u00e3<\/li>\n<li>Plano de Sa\u00fade porto seguro 70% custeado para voc\u00ea e 100% para seus filhos<\/li>\n<li>Day Off de Anivers\u00e1rio<\/li>\n<li>Licen\u00e7a Paternidade Estendida<\/li>\n<li>Desconto Universit\u00e1rio: De 50% a 80% na Universidade Veiga de Almeida<\/li>\n<\/ul>\n<p>Sal\u00e1rio: 1772,0<\/p>\n","protected":false},"excerpt":{"rendered":"<p>Voc\u00ea acabou de se formar em T\u00e9cnico de Automa\u00e7\u00e3o e est\u00e1 pronto(a) para iniciar sua jornada profissional? Na Elo Automa\u00e7\u00e3o, acreditamos que talento e dedica\u00e7\u00e3o valem mais do que anos de experi\u00eancia. Por isso, criamos um ambiente que investe no seu aprendizado e desenvolve suas habilidades t\u00e9cnicas e comportamentais desde o primeiro dia. O que [&hellip;]<\/p>\n","protected":false},"author":1,"featured_media":0,"comment_status":"open","ping_status":"open","sticky":false,"template":"","format":"standard","meta":{"footnotes":""},"categories":[21],"tags":[],"class_list":["post-4041","post","type-post","status-publish","format-standard","hentry","category-rio-de-janeiro-rj"],"_links":{"self":[{"href":"https:\/\/vagas.portalemprego.com.br\/index.php?rest_route=\/wp\/v2\/posts\/4041","targetHints":{"allow":["GET"]}}],"collection":[{"href":"https:\/\/vagas.portalemprego.com.br\/index.php?rest_route=\/wp\/v2\/posts"}],"about":[{"href":"https:\/\/vagas.portalemprego.com.br\/index.php?rest_route=\/wp\/v2\/types\/post"}],"author":[{"embeddable":true,"href":"https:\/\/vagas.portalemprego.com.br\/index.php?rest_route=\/wp\/v2\/users\/1"}],"replies":[{"embeddable":true,"href":"https:\/\/vagas.portalemprego.com.br\/index.php?rest_route=%2Fwp%2Fv2%2Fcomments&post=4041"}],"version-history":[{"count":0,"href":"https:\/\/vagas.portalemprego.com.br\/index.php?rest_route=\/wp\/v2\/posts\/4041\/revisions"}],"wp:attachment":[{"href":"https:\/\/vagas.portalemprego.com.br\/index.php?rest_route=%2Fwp%2Fv2%2Fmedia&parent=4041"}],"wp:term":[{"taxonomy":"category","embeddable":true,"href":"https:\/\/vagas.portalemprego.com.br\/index.php?rest_route=%2Fwp%2Fv2%2Fcategories&post=4041"},{"taxonomy":"post_tag","embeddable":true,"href":"https:\/\/vagas.portalemprego.com.br\/index.php?rest_route=%2Fwp%2Fv2%2Ftags&post=4041"}],"curies":[{"name":"wp","href":"https:\/\/api.w.org\/{rel}","templated":true}]}}