{"id":4042,"date":"2026-04-29T06:18:18","date_gmt":"2026-04-29T09:18:18","guid":{"rendered":"https:\/\/vagas.portalemprego.com.br\/?p=4042"},"modified":"2026-04-29T06:18:18","modified_gmt":"2026-04-29T09:18:18","slug":"auxiliar-de-servicos-gerais-zona-sul-12x36-dia-servicos-gerais-rio-de-janeiro","status":"publish","type":"post","link":"https:\/\/vagas.portalemprego.com.br\/?p=4042","title":{"rendered":"Auxiliar de Servi\u00e7os Gerais ( Zona Sul &#8211; 12&#215;36 dia ) &#8211; Servi\u00e7os Gerais &#8211; Rio de Janeiro"},"content":{"rendered":"<p>Vaga: Auxiliar de Servi\u00e7os Gerais<br \/>\nRegi\u00e3o: Zona Sul \u2013 Rio de Janeiro<br \/>\nEstamos contratando Auxiliar de Servi\u00e7os Gerais para atuar na regi\u00e3o da Zona Sul do Rio de Janeiro. Se voc\u00ea \u00e9 comprometido(a), respons\u00e1vel e gosta de trabalhar em equipe, essa oportunidade pode ser para voc\u00ea!<\/p>\n<p>Escala de Trabalho:<br \/>\n12&#215;36<br \/>\nHor\u00e1rio: 09h \u00e0s 21h<br \/>\nNecess\u00e1rio ter disponibilidade para realiza\u00e7\u00e3o de horas extras<\/p>\n<p>Principais Atividades:<br \/>\nLimpeza e conserva\u00e7\u00e3o de ambientes<br \/>\nOrganiza\u00e7\u00e3o de \u00e1reas comuns<br \/>\nApoio nas rotinas operacionais do setor<br \/>\nZelar pelo bom uso de materiais e equipamentos<br \/>\nOferecemos:<br \/>\nAlmo\u00e7o no local<br \/>\nVale-transporte<br \/>\nSeguro de vida<br \/>\nConv\u00eanio odontol\u00f3gico (opcional)<br \/>\nConv\u00eanio com academias<br \/>\nConv\u00eanio com institui\u00e7\u00f5es de ensino<br \/>\nBuscamos profissionais comprometidos, pontuais e com vontade de crescer.<br \/>\nInteressados(as) devem enviar curr\u00edculo  e se cadastrar na plataforma.<\/p>\n<ul>\n<li>Local de trabalho: Rio de Janeiro, RJ<\/li>\n<li>Regime de contrata\u00e7\u00e3o de tipo: Efetivo \u2013 CLT<\/li>\n<li>Jornada: Per\u00edodo Integral<\/li>\n<li>\u00c1rea e especializa\u00e7\u00e3o profissional: Servi\u00e7os Gerais &#8211; Limpeza<\/li>\n<li>N\u00edvel hier\u00e1rquico: Auxiliar<\/li>\n<\/ul>\n<p>VALORIZADO<\/p>\n<p>Tempo de experi\u00eancia: Entre 1 e 3 anos<\/p>\n<p>Escolaridade M\u00ednima: Ensino Fundamental (1\u00ba grau)<\/p>\n<ul>\n<li>Vale-transporte<\/li>\n<li>Seguro de Vida<\/li>\n<li>Cesta de Assiduidade<\/li>\n<li>Conv\u00eanio Odontol\u00f3gico ( Opcional )<\/li>\n<li>Alimenta\u00e7\u00e3o no local<\/li>\n<li>Oportunidade de crescimento<\/li>\n<\/ul>\n<p>Sal\u00e1rio: 1730,75<\/p>\n","protected":false},"excerpt":{"rendered":"<p>Vaga: Auxiliar de Servi\u00e7os Gerais Regi\u00e3o: Zona Sul \u2013 Rio de Janeiro Estamos contratando Auxiliar de Servi\u00e7os Gerais para atuar na regi\u00e3o da Zona Sul do Rio de Janeiro. Se voc\u00ea \u00e9 comprometido(a), respons\u00e1vel e gosta de trabalhar em equipe, essa oportunidade pode ser para voc\u00ea! Escala de Trabalho: 12&#215;36 Hor\u00e1rio: 09h \u00e0s 21h Necess\u00e1rio [&hellip;]<\/p>\n","protected":false},"author":1,"featured_media":0,"comment_status":"open","ping_status":"open","sticky":false,"template":"","format":"standard","meta":{"footnotes":""},"categories":[21],"tags":[],"class_list":["post-4042","post","type-post","status-publish","format-standard","hentry","category-rio-de-janeiro-rj"],"_links":{"self":[{"href":"https:\/\/vagas.portalemprego.com.br\/index.php?rest_route=\/wp\/v2\/posts\/4042","targetHints":{"allow":["GET"]}}],"collection":[{"href":"https:\/\/vagas.portalemprego.com.br\/index.php?rest_route=\/wp\/v2\/posts"}],"about":[{"href":"https:\/\/vagas.portalemprego.com.br\/index.php?rest_route=\/wp\/v2\/types\/post"}],"author":[{"embeddable":true,"href":"https:\/\/vagas.portalemprego.com.br\/index.php?rest_route=\/wp\/v2\/users\/1"}],"replies":[{"embeddable":true,"href":"https:\/\/vagas.portalemprego.com.br\/index.php?rest_route=%2Fwp%2Fv2%2Fcomments&post=4042"}],"version-history":[{"count":0,"href":"https:\/\/vagas.portalemprego.com.br\/index.php?rest_route=\/wp\/v2\/posts\/4042\/revisions"}],"wp:attachment":[{"href":"https:\/\/vagas.portalemprego.com.br\/index.php?rest_route=%2Fwp%2Fv2%2Fmedia&parent=4042"}],"wp:term":[{"taxonomy":"category","embeddable":true,"href":"https:\/\/vagas.portalemprego.com.br\/index.php?rest_route=%2Fwp%2Fv2%2Fcategories&post=4042"},{"taxonomy":"post_tag","embeddable":true,"href":"https:\/\/vagas.portalemprego.com.br\/index.php?rest_route=%2Fwp%2Fv2%2Ftags&post=4042"}],"curies":[{"name":"wp","href":"https:\/\/api.w.org\/{rel}","templated":true}]}}