{"id":4047,"date":"2026-04-29T06:19:19","date_gmt":"2026-04-29T09:19:19","guid":{"rendered":"https:\/\/vagas.portalemprego.com.br\/?p=4047"},"modified":"2026-04-29T06:19:19","modified_gmt":"2026-04-29T09:19:19","slug":"tecnico-de-enfermagem-ui-maternidade-saude-rio-de-janeiro","status":"publish","type":"post","link":"https:\/\/vagas.portalemprego.com.br\/?p=4047","title":{"rendered":"T\u00e9cnico de Enfermagem UI Maternidade &#8211; Sa\u00fade &#8211; Rio de Janeiro"},"content":{"rendered":"<p>Grupo do segmento de sa\u00fade suplementar, com atua\u00e7\u00e3o nacional, especializado na gest\u00e3o de hospitais, cl\u00ednicas e servi\u00e7os assistenciais, com foco em atendimento integrado, qualidade assistencial, seguran\u00e7a do paciente e cuidado humanizado, contrata T\u00e9cnico de Enfermagem para Unidade de Interna\u00e7\u00e3o da Maternidade, para realizar as atividades:<br \/>\nPrestar assist\u00eancia \u00e0 gestante, pu\u00e9rpera e rec\u00e9m-nascido;<br \/>\nAferir e monitorar sinais vitais da m\u00e3e e do beb\u00ea;<br \/>\nAdministrar medicamentos conforme prescri\u00e7\u00e3o m\u00e9dica;<br \/>\nRealizar cuidados no pr\u00e9 e p\u00f3s-parto;<br \/>\nAuxiliar nos cuidados com o rec\u00e9m-nascido (higiene, troca, banho e conforto);<br \/>\nApoiar e orientar sobre amamenta\u00e7\u00e3o;<br \/>\nRealizar higiene, conforto e organiza\u00e7\u00e3o do leito;<br \/>\nAuxiliar na deambula\u00e7\u00e3o e posicionamento da paciente;<br \/>\nApoiar em procedimentos m\u00e9dicos e de enfermagem;<br \/>\nPreparar e organizar materiais e equipamentos;<br \/>\nAcompanhar intercorr\u00eancias e comunicar \u00e0 enfermagem;<br \/>\nRegistrar informa\u00e7\u00f5es em prontu\u00e1rio.<br \/>\nInforma\u00e7\u00f5es da vaga:<br \/>\nSal\u00e1rio: R$ 2.092,78 + 20% de insalubridade<br \/>\nBenef\u00edcios: Refei\u00e7\u00e3o no local e VT depositado em conta<br \/>\nContrato: Tempor\u00e1rio, 90 dias com chances de efetiva\u00e7\u00e3o<br \/>\nLocal de trabalho: M\u00e9ier \u2013 Rio de Janeiro<br \/>\nEscala: 12&#215;36 \u2013 07h00 \u00e0s 19h<\/p>\n<ul>\n<li>Local de trabalho: Rio de Janeiro, RJ<\/li>\n<li>Regime de contrata\u00e7\u00e3o de tipo: Tempor\u00e1rio<\/li>\n<li>Jornada: Per\u00edodo Integral<\/li>\n<li>\u00c1rea e especializa\u00e7\u00e3o profissional: Sa\u00fade &#8211; Enfermagem<\/li>\n<li>N\u00edvel hier\u00e1rquico: Operacional<\/li>\n<\/ul>\n<p>VALORIZADO<\/p>\n<p>Tempo de experi\u00eancia: Menos de 1 ano<\/p>\n<p>Escolaridade M\u00ednima: Curso T\u00e9cnico<\/p>\n<ul>\n<li>Refei\u00e7\u00e3o no local<\/li>\n<li>VT<\/li>\n<\/ul>\n","protected":false},"excerpt":{"rendered":"<p>Grupo do segmento de sa\u00fade suplementar, com atua\u00e7\u00e3o nacional, especializado na gest\u00e3o de hospitais, cl\u00ednicas e servi\u00e7os assistenciais, com foco em atendimento integrado, qualidade assistencial, seguran\u00e7a do paciente e cuidado humanizado, contrata T\u00e9cnico de Enfermagem para Unidade de Interna\u00e7\u00e3o da Maternidade, para realizar as atividades: Prestar assist\u00eancia \u00e0 gestante, pu\u00e9rpera e rec\u00e9m-nascido; Aferir e monitorar [&hellip;]<\/p>\n","protected":false},"author":1,"featured_media":0,"comment_status":"open","ping_status":"open","sticky":false,"template":"","format":"standard","meta":{"footnotes":""},"categories":[21],"tags":[],"class_list":["post-4047","post","type-post","status-publish","format-standard","hentry","category-rio-de-janeiro-rj"],"_links":{"self":[{"href":"https:\/\/vagas.portalemprego.com.br\/index.php?rest_route=\/wp\/v2\/posts\/4047","targetHints":{"allow":["GET"]}}],"collection":[{"href":"https:\/\/vagas.portalemprego.com.br\/index.php?rest_route=\/wp\/v2\/posts"}],"about":[{"href":"https:\/\/vagas.portalemprego.com.br\/index.php?rest_route=\/wp\/v2\/types\/post"}],"author":[{"embeddable":true,"href":"https:\/\/vagas.portalemprego.com.br\/index.php?rest_route=\/wp\/v2\/users\/1"}],"replies":[{"embeddable":true,"href":"https:\/\/vagas.portalemprego.com.br\/index.php?rest_route=%2Fwp%2Fv2%2Fcomments&post=4047"}],"version-history":[{"count":0,"href":"https:\/\/vagas.portalemprego.com.br\/index.php?rest_route=\/wp\/v2\/posts\/4047\/revisions"}],"wp:attachment":[{"href":"https:\/\/vagas.portalemprego.com.br\/index.php?rest_route=%2Fwp%2Fv2%2Fmedia&parent=4047"}],"wp:term":[{"taxonomy":"category","embeddable":true,"href":"https:\/\/vagas.portalemprego.com.br\/index.php?rest_route=%2Fwp%2Fv2%2Fcategories&post=4047"},{"taxonomy":"post_tag","embeddable":true,"href":"https:\/\/vagas.portalemprego.com.br\/index.php?rest_route=%2Fwp%2Fv2%2Ftags&post=4047"}],"curies":[{"name":"wp","href":"https:\/\/api.w.org\/{rel}","templated":true}]}}