{"id":4048,"date":"2026-04-29T06:19:19","date_gmt":"2026-04-29T09:19:19","guid":{"rendered":"https:\/\/vagas.portalemprego.com.br\/?p=4048"},"modified":"2026-04-29T06:19:19","modified_gmt":"2026-04-29T09:19:19","slug":"tecnico-de-enfermagem-clinica-medica-saude-nova-iguacu","status":"publish","type":"post","link":"https:\/\/vagas.portalemprego.com.br\/?p=4048","title":{"rendered":"T\u00e9cnico de Enfermagem Cl\u00ednica M\u00e9dica &#8211; Sa\u00fade &#8211; Nova Igua\u00e7u"},"content":{"rendered":"<p>Empresa do segmento da sa\u00fade, localizada em Nova Igua\u00e7u, atuante como centro m\u00e9dico e cl\u00ednica multidisciplinar. Oferece atendimento ambulatorial por meio de consultas, exames e servi\u00e7os laboratoriais, atendendo exclusivamente pacientes vinculados ao conv\u00eanio.<br \/>\nConta com estrutura voltada para o cuidado integral \u00e0 sa\u00fade, com foco em especialidades como ginecologia, cl\u00ednica geral e demais \u00e1reas m\u00e9dicas, al\u00e9m de apoio diagn\u00f3stico. A institui\u00e7\u00e3o preza pela qualidade assistencial, seguran\u00e7a do paciente, \u00e9tica profissional e excel\u00eancia no atendimento, proporcionando um ambiente profissional organizado, humanizado e colaborativo.<br \/>\nContrata T\u00e9cnicos(as) de Enfermagem para atua\u00e7\u00e3o nas seguintes atividades:<br \/>\nAtua\u00e7\u00e3o no pronto atendimento e setor ambulatorial.<br \/>\nAux\u00edlio e monitoramento em procedimentos de m\u00e9dia e alta complexidade.<br \/>\nPreparo e administra\u00e7\u00e3o de medicamentos.<br \/>\nAcolhimento e preparo de pacientes na emerg\u00eancia.<br \/>\nRealiza\u00e7\u00e3o de pun\u00e7\u00e3o venosa.<br \/>\nMonitoriza\u00e7\u00e3o dos sinais vitais.<br \/>\nOrganiza\u00e7\u00e3o e reposi\u00e7\u00e3o de materiais dos setores.<br \/>\nApoio \u00e0s rotinas assistenciais conforme protocolos internos<br \/>\nPerfil esperado \/ requisitos:<br \/>\nForma\u00e7\u00e3o em T\u00e9cnico de Enfermagem com registro ativo no COREN.<br \/>\nExperi\u00eancia em urg\u00eancia e emerg\u00eancia com pacientes adultos e pedi\u00e1tricos.<br \/>\nAptid\u00e3o para atuar em ambiente de alta demanda.<br \/>\nDisponibilidade para escala 12&#215;36 &#8211; Diurno.<br \/>\nInforma\u00e7\u00f5es da vaga:<br \/>\n2 vagas para plant\u00f5es pares e 2 vagas para plant\u00f5es impares<br \/>\nSal\u00e1rio: 2080,00 + VR 20,00 diario e VT (depositados em conta)<br \/>\nContrato tempor\u00e1rio de 90 dias com chances de efetiva\u00e7\u00e3o<\/p>\n<ul>\n<li>N\u00famero de vagas: 4<\/li>\n<li>Local de trabalho: Nova Igua\u00e7u, RJ<\/li>\n<li>Regime de contrata\u00e7\u00e3o de tipo: Tempor\u00e1rio<\/li>\n<li>Jornada: Per\u00edodo Integral<\/li>\n<li>\u00c1rea e especializa\u00e7\u00e3o profissional: Sa\u00fade &#8211; Enfermagem<\/li>\n<li>N\u00edvel hier\u00e1rquico: Operacional<\/li>\n<\/ul>\n<p>VALORIZADO<\/p>\n<p>Tempo de experi\u00eancia: Menos de 1 ano<\/p>\n<p>Escolaridade M\u00ednima: Curso T\u00e9cnico<\/p>\n<ul>\n<li>VR<\/li>\n<li>VT<\/li>\n<\/ul>\n<p>Sal\u00e1rio: 2080,0<\/p>\n","protected":false},"excerpt":{"rendered":"<p>Empresa do segmento da sa\u00fade, localizada em Nova Igua\u00e7u, atuante como centro m\u00e9dico e cl\u00ednica multidisciplinar. Oferece atendimento ambulatorial por meio de consultas, exames e servi\u00e7os laboratoriais, atendendo exclusivamente pacientes vinculados ao conv\u00eanio. Conta com estrutura voltada para o cuidado integral \u00e0 sa\u00fade, com foco em especialidades como ginecologia, cl\u00ednica geral e demais \u00e1reas m\u00e9dicas, [&hellip;]<\/p>\n","protected":false},"author":1,"featured_media":0,"comment_status":"open","ping_status":"open","sticky":false,"template":"","format":"standard","meta":{"footnotes":""},"categories":[21],"tags":[],"class_list":["post-4048","post","type-post","status-publish","format-standard","hentry","category-rio-de-janeiro-rj"],"_links":{"self":[{"href":"https:\/\/vagas.portalemprego.com.br\/index.php?rest_route=\/wp\/v2\/posts\/4048","targetHints":{"allow":["GET"]}}],"collection":[{"href":"https:\/\/vagas.portalemprego.com.br\/index.php?rest_route=\/wp\/v2\/posts"}],"about":[{"href":"https:\/\/vagas.portalemprego.com.br\/index.php?rest_route=\/wp\/v2\/types\/post"}],"author":[{"embeddable":true,"href":"https:\/\/vagas.portalemprego.com.br\/index.php?rest_route=\/wp\/v2\/users\/1"}],"replies":[{"embeddable":true,"href":"https:\/\/vagas.portalemprego.com.br\/index.php?rest_route=%2Fwp%2Fv2%2Fcomments&post=4048"}],"version-history":[{"count":0,"href":"https:\/\/vagas.portalemprego.com.br\/index.php?rest_route=\/wp\/v2\/posts\/4048\/revisions"}],"wp:attachment":[{"href":"https:\/\/vagas.portalemprego.com.br\/index.php?rest_route=%2Fwp%2Fv2%2Fmedia&parent=4048"}],"wp:term":[{"taxonomy":"category","embeddable":true,"href":"https:\/\/vagas.portalemprego.com.br\/index.php?rest_route=%2Fwp%2Fv2%2Fcategories&post=4048"},{"taxonomy":"post_tag","embeddable":true,"href":"https:\/\/vagas.portalemprego.com.br\/index.php?rest_route=%2Fwp%2Fv2%2Ftags&post=4048"}],"curies":[{"name":"wp","href":"https:\/\/api.w.org\/{rel}","templated":true}]}}