{"id":4049,"date":"2026-04-29T06:19:19","date_gmt":"2026-04-29T09:19:19","guid":{"rendered":"https:\/\/vagas.portalemprego.com.br\/?p=4049"},"modified":"2026-04-29T06:19:19","modified_gmt":"2026-04-29T09:19:19","slug":"mecanico-de-moto-eletrica-copacabana-rj-engenharia-rio-de-janeiro","status":"publish","type":"post","link":"https:\/\/vagas.portalemprego.com.br\/?p=4049","title":{"rendered":"Mec\u00e2nico de Moto El\u00e9trica &#8211; Copacabana\/RJ &#8211; Engenharia &#8211; Rio de Janeiro"},"content":{"rendered":"<p>Descri\u00e7\u00e3o da vaga<br \/>\nMiss\u00e3o da Fun\u00e7\u00e3o:\u00a0Garantir a excel\u00eancia na manuten\u00e7\u00e3o, revis\u00e3o e entrega t\u00e9cnica de motos, scooters e triciclos el\u00e9tricos, assegurando seguran\u00e7a, qualidade e confian\u00e7a ao cliente. Esse profissional ser\u00e1 respons\u00e1vel por identificar falhas, executar reparos e acompanhar o desempenho dos ve\u00edculos, contribuindo para a reputa\u00e7\u00e3o da marca e a satisfa\u00e7\u00e3o do cliente no p\u00f3s-venda.<br \/>\nO que voc\u00ea far\u00e1:<br \/>\nRealizar diagn\u00f3sticos mec\u00e2nicos e el\u00e9tricos em ve\u00edculos el\u00e9tricos ;<br \/>\nExecutar manuten\u00e7\u00e3o preventiva e corretiva, revis\u00f5es e substitui\u00e7\u00e3o de pe\u00e7as;<br \/>\nEfetuar inspe\u00e7\u00f5es de rotina e testagem final dos ve\u00edculos antes da entrega ao cliente;<br \/>\nRegistrar atividades de manuten\u00e7\u00e3o e pe\u00e7as utilizadas;<br \/>\nPrestar suporte t\u00e9cnico ao cliente durante revis\u00f5es e garantia;<br \/>\nManter a organiza\u00e7\u00e3o e seguran\u00e7a do ambiente de oficina.<br \/>\nO que esperamos:<br \/>\nConhecimento em\u00a0mec\u00e2nica leve ou mec\u00e2nica de motocicletas;<br \/>\nNo\u00e7\u00f5es de el\u00e9trica automotiva\u00a0(bateria, chicote, fus\u00edveis, conectores);<br \/>\nHabilidade com\u00a0mult\u00edmetro\u00a0e outras ferramentas de medi\u00e7\u00e3o;<br \/>\nCapacidade de\u00a0leitura de esquemas e manuais t\u00e9cnicos;<br \/>\nDiferencial: experi\u00eancia com\u00a0ve\u00edculos el\u00e9tricos\u00a0ou\u00a0curso t\u00e9cnico na \u00e1rea.<br \/>\nO que buscamos:<br \/>\nAten\u00e7\u00e3o aos detalhes e responsabilidade t\u00e9cnica;<br \/>\nOrganiza\u00e7\u00e3o e zelo com ferramentas e ambiente de trabalho;<br \/>\nCapacidade de resolver problemas de forma pr\u00e1tica;<br \/>\nBoa comunica\u00e7\u00e3o com equipe e clientes;<br \/>\nDesej\u00e1vel experi\u00eancia pr\u00e9via em oficinas, mec\u00e2nica, manuten\u00e7\u00e3o ou el\u00e9trica.<br \/>\nDisponibilidade para atuar de forma presencial na cidade de Copacabana\/RJ<br \/>\nCarga hor\u00e1ria semanal<br \/>\n44\u00a0horas<br \/>\nRegime de Contrata\u00e7\u00e3o<br \/>\nCLT<br \/>\nSal\u00e1rio<br \/>\nR$1712 por M\u00eas<br \/>\nBenef\u00edcios<br \/>\nVale Transporte ou Vale Combust\u00edvel Vale Refei\u00e7\u00e3o Flex\u00edvel R$ 20 Conv\u00eanio com farm\u00e1cias Conv\u00eanio com Faculdades Day Off Anivers\u00e1rio<\/p>\n<ul>\n<li>Local de trabalho: Rio de Janeiro, RJ<\/li>\n<li>Regime de contrata\u00e7\u00e3o de tipo: Efetivo \u2013 CLT<\/li>\n<li>Jornada: Per\u00edodo Integral<\/li>\n<li>\u00c1rea e especializa\u00e7\u00e3o profissional: Engenharia &#8211; Engenharia Mec\u00e2nica, Mecatr\u00f4nica<\/li>\n<li>N\u00edvel hier\u00e1rquico: Operacional<\/li>\n<\/ul>\n<p>HABILIDADES<\/p>\n<ul>\n<li>mec\u00e2nico<\/li>\n<\/ul>\n<p>Escolaridade M\u00ednima: Ensino M\u00e9dio (2\u00ba Grau)<\/p>\n<p>Sal\u00e1rio: 1712,0<\/p>\n","protected":false},"excerpt":{"rendered":"<p>Descri\u00e7\u00e3o da vaga Miss\u00e3o da Fun\u00e7\u00e3o:\u00a0Garantir a excel\u00eancia na manuten\u00e7\u00e3o, revis\u00e3o e entrega t\u00e9cnica de motos, scooters e triciclos el\u00e9tricos, assegurando seguran\u00e7a, qualidade e confian\u00e7a ao cliente. Esse profissional ser\u00e1 respons\u00e1vel por identificar falhas, executar reparos e acompanhar o desempenho dos ve\u00edculos, contribuindo para a reputa\u00e7\u00e3o da marca e a satisfa\u00e7\u00e3o do cliente no p\u00f3s-venda. [&hellip;]<\/p>\n","protected":false},"author":1,"featured_media":0,"comment_status":"open","ping_status":"open","sticky":false,"template":"","format":"standard","meta":{"footnotes":""},"categories":[21],"tags":[],"class_list":["post-4049","post","type-post","status-publish","format-standard","hentry","category-rio-de-janeiro-rj"],"_links":{"self":[{"href":"https:\/\/vagas.portalemprego.com.br\/index.php?rest_route=\/wp\/v2\/posts\/4049","targetHints":{"allow":["GET"]}}],"collection":[{"href":"https:\/\/vagas.portalemprego.com.br\/index.php?rest_route=\/wp\/v2\/posts"}],"about":[{"href":"https:\/\/vagas.portalemprego.com.br\/index.php?rest_route=\/wp\/v2\/types\/post"}],"author":[{"embeddable":true,"href":"https:\/\/vagas.portalemprego.com.br\/index.php?rest_route=\/wp\/v2\/users\/1"}],"replies":[{"embeddable":true,"href":"https:\/\/vagas.portalemprego.com.br\/index.php?rest_route=%2Fwp%2Fv2%2Fcomments&post=4049"}],"version-history":[{"count":0,"href":"https:\/\/vagas.portalemprego.com.br\/index.php?rest_route=\/wp\/v2\/posts\/4049\/revisions"}],"wp:attachment":[{"href":"https:\/\/vagas.portalemprego.com.br\/index.php?rest_route=%2Fwp%2Fv2%2Fmedia&parent=4049"}],"wp:term":[{"taxonomy":"category","embeddable":true,"href":"https:\/\/vagas.portalemprego.com.br\/index.php?rest_route=%2Fwp%2Fv2%2Fcategories&post=4049"},{"taxonomy":"post_tag","embeddable":true,"href":"https:\/\/vagas.portalemprego.com.br\/index.php?rest_route=%2Fwp%2Fv2%2Ftags&post=4049"}],"curies":[{"name":"wp","href":"https:\/\/api.w.org\/{rel}","templated":true}]}}