{"id":4050,"date":"2026-04-29T06:19:19","date_gmt":"2026-04-29T09:19:19","guid":{"rendered":"https:\/\/vagas.portalemprego.com.br\/?p=4050"},"modified":"2026-04-29T06:19:19","modified_gmt":"2026-04-29T09:19:19","slug":"gestora-de-locacao-imobiliaria-clt-niteroi-rj-presencial-comercial-vendas-niteroi","status":"publish","type":"post","link":"https:\/\/vagas.portalemprego.com.br\/?p=4050","title":{"rendered":"Gestor(a) de Loca\u00e7\u00e3o Imobili\u00e1ria &#8211; CLT &#8211; NITER\u00d3I\/RJ &#8211; Presencial &#8211; Comercial, Vendas &#8211; Niter\u00f3i"},"content":{"rendered":"<p>?? Vaga: Gestor(a) de Loca\u00e7\u00e3o Imobili\u00e1ria (Presencial | CLT) &#8211; Regi\u00e3o Oce\u00e2nica (Niter\u00f3i)<br \/>\nSobre a oportunidade<br \/>\nEmpresa do setor imobili\u00e1rio, com forte atua\u00e7\u00e3o regional e alto volume de im\u00f3veis para loca\u00e7\u00e3o, busca um(a) Gestor(a) de Loca\u00e7\u00e3o para liderar o fluxo completo de contratos, atendimento a propriet\u00e1rios e inquilinos e performance da carteira. A posi\u00e7\u00e3o \u00e9 estrat\u00e9gica para garantir agilidade, organiza\u00e7\u00e3o e crescimento das loca\u00e7\u00f5es.<br \/>\n?? Miss\u00e3o da posi\u00e7\u00e3o<br \/>\nGerir o processo de loca\u00e7\u00e3o de ponta a ponta \u2014 da capta\u00e7\u00e3o ao fechamento e manuten\u00e7\u00e3o dos contratos \u2014 garantindo organiza\u00e7\u00e3o operacional, excel\u00eancia no atendimento e efici\u00eancia na convers\u00e3o de im\u00f3veis em contratos ativos.<br \/>\n??? Principais responsabilidades<br \/>\nGerenciar carteira de im\u00f3veis para loca\u00e7\u00e3o<br \/>\nAcompanhar leads de loca\u00e7\u00e3o e apoiar o time comercial<br \/>\nGarantir agilidade na qualifica\u00e7\u00e3o de interessados e agendamento de visitas<br \/>\nCoordenar propostas, negocia\u00e7\u00f5es e fechamento de contratos<br \/>\nConferir e organizar documenta\u00e7\u00e3o de locador e locat\u00e1rio<br \/>\nAcompanhar an\u00e1lise cadastral e garantias locat\u00edcias<br \/>\nControlar prazos contratuais, renova\u00e7\u00f5es e reajustes<br \/>\nManter comunica\u00e7\u00e3o clara com:<br \/>\n&#8211; Propriet\u00e1rios<br \/>\n&#8211; Inquilinos<br \/>\n&#8211; Corretores<br \/>\n&#8211; Setor financeiro\/jur\u00eddico<br \/>\nAlimentar sistemas e CRM com dados atualizados<br \/>\nMonitorar indicadores de loca\u00e7\u00e3o (tempo de vac\u00e2ncia, convers\u00e3o, giro de carteira)<br \/>\nIdentificar melhorias de processo e gargalos<br \/>\nApoiar estrat\u00e9gias para aumento da taxa de ocupa\u00e7\u00e3o dos im\u00f3veis<br \/>\n?? Perfil comportamental esperado<br \/>\nOrganiza\u00e7\u00e3o e vis\u00e3o de processo<br \/>\nComunica\u00e7\u00e3o firme e cordial<br \/>\nCapacidade de negocia\u00e7\u00e3o e media\u00e7\u00e3o<br \/>\nPerfil resolutivo e proativo<br \/>\nFoco em metas e prazos<br \/>\nAten\u00e7\u00e3o a detalhes contratuais<br \/>\nPostura de lideran\u00e7a e tomada de decis\u00e3o<br \/>\nFacilidade em lidar com alto volume de demandas<br \/>\n?? Requisitos<br \/>\nExperi\u00eancia pr\u00e9via com loca\u00e7\u00e3o imobili\u00e1ria<br \/>\nViv\u00eancia com contratos de loca\u00e7\u00e3o e rotinas administrativas do setor<br \/>\nConhecimento de an\u00e1lise cadastral e garantias locat\u00edcias<br \/>\nExperi\u00eancia com CRM ou sistemas imobili\u00e1rios<br \/>\nEnsino m\u00e9dio completo (superior ser\u00e1 diferencial)<br \/>\nDisponibilidade para atua\u00e7\u00e3o presencial<br \/>\nResidir em Niter\u00f3i ou regi\u00f5es pr\u00f3ximas ser\u00e1 considerado diferencial<br \/>\n?? Remunera\u00e7\u00e3o<br \/>\nRegime CLT<br \/>\nSal\u00e1rio fixo compat\u00edvel com o mercado<br \/>\nVale Transporte<br \/>\nPossibilidade de vari\u00e1vel por performance<br \/>\n?? Local e hor\u00e1rio<br \/>\nPresencial \u2013 Niter\u00f3i\/RJ (Regi\u00e3o Oc\u00eanica)<br \/>\nSegunda a sexta-feira<br \/>\nHor\u00e1rio comercial<br \/>\n? Diferenciais<br \/>\nExperi\u00eancia em gest\u00e3o de carteira de loca\u00e7\u00e3o<br \/>\nViv\u00eancia com alto volume de im\u00f3veis<br \/>\nPerfil comercial com vis\u00e3o de neg\u00f3cio<br \/>\nOrganiza\u00e7\u00e3o de processos e indicadores<br \/>\nInteresse em crescimento para coordena\u00e7\u00e3o<\/p>\n<ul>\n<li>Local de trabalho: Niter\u00f3i, RJ<\/li>\n<li>Regime de contrata\u00e7\u00e3o de tipo: Efetivo \u2013 CLT<\/li>\n<li>Jornada: Per\u00edodo Integral<\/li>\n<li>\u00c1rea e especializa\u00e7\u00e3o profissional: Comercial, Vendas &#8211; Corretagem<\/li>\n<li>N\u00edvel hier\u00e1rquico: Supervisor<\/li>\n<\/ul>\n<p>Escolaridade M\u00ednima: Ensino Superior<\/p>\n","protected":false},"excerpt":{"rendered":"<p>?? Vaga: Gestor(a) de Loca\u00e7\u00e3o Imobili\u00e1ria (Presencial | CLT) &#8211; Regi\u00e3o Oce\u00e2nica (Niter\u00f3i) Sobre a oportunidade Empresa do setor imobili\u00e1rio, com forte atua\u00e7\u00e3o regional e alto volume de im\u00f3veis para loca\u00e7\u00e3o, busca um(a) Gestor(a) de Loca\u00e7\u00e3o para liderar o fluxo completo de contratos, atendimento a propriet\u00e1rios e inquilinos e performance da carteira. A posi\u00e7\u00e3o \u00e9 [&hellip;]<\/p>\n","protected":false},"author":1,"featured_media":0,"comment_status":"open","ping_status":"open","sticky":false,"template":"","format":"standard","meta":{"footnotes":""},"categories":[21],"tags":[],"class_list":["post-4050","post","type-post","status-publish","format-standard","hentry","category-rio-de-janeiro-rj"],"_links":{"self":[{"href":"https:\/\/vagas.portalemprego.com.br\/index.php?rest_route=\/wp\/v2\/posts\/4050","targetHints":{"allow":["GET"]}}],"collection":[{"href":"https:\/\/vagas.portalemprego.com.br\/index.php?rest_route=\/wp\/v2\/posts"}],"about":[{"href":"https:\/\/vagas.portalemprego.com.br\/index.php?rest_route=\/wp\/v2\/types\/post"}],"author":[{"embeddable":true,"href":"https:\/\/vagas.portalemprego.com.br\/index.php?rest_route=\/wp\/v2\/users\/1"}],"replies":[{"embeddable":true,"href":"https:\/\/vagas.portalemprego.com.br\/index.php?rest_route=%2Fwp%2Fv2%2Fcomments&post=4050"}],"version-history":[{"count":0,"href":"https:\/\/vagas.portalemprego.com.br\/index.php?rest_route=\/wp\/v2\/posts\/4050\/revisions"}],"wp:attachment":[{"href":"https:\/\/vagas.portalemprego.com.br\/index.php?rest_route=%2Fwp%2Fv2%2Fmedia&parent=4050"}],"wp:term":[{"taxonomy":"category","embeddable":true,"href":"https:\/\/vagas.portalemprego.com.br\/index.php?rest_route=%2Fwp%2Fv2%2Fcategories&post=4050"},{"taxonomy":"post_tag","embeddable":true,"href":"https:\/\/vagas.portalemprego.com.br\/index.php?rest_route=%2Fwp%2Fv2%2Ftags&post=4050"}],"curies":[{"name":"wp","href":"https:\/\/api.w.org\/{rel}","templated":true}]}}