{"id":4052,"date":"2026-04-29T06:19:19","date_gmt":"2026-04-29T09:19:19","guid":{"rendered":"https:\/\/vagas.portalemprego.com.br\/?p=4052"},"modified":"2026-04-29T06:19:19","modified_gmt":"2026-04-29T09:19:19","slug":"maqueiro-hospitalar-saude-petropolis","status":"publish","type":"post","link":"https:\/\/vagas.portalemprego.com.br\/?p=4052","title":{"rendered":"Maqueiro Hospitalar &#8211; Sa\u00fade &#8211; Petr\u00f3polis"},"content":{"rendered":"<p>Assumir o plant\u00e3o e tomar ci\u00eancia das ocorr\u00eancias.<br \/>\nConduzir os pacientes de maca ou cadeira entre os setores do hospital, de acordo com o POP de protocolo institucional de transporte.<br \/>\nCompletar o atendimento sem deixar o paciente sozinho.<br \/>\nRetornar com a maca ou cadeira para unidade solicitante ap\u00f3s retorno do paciente do setor de origem.<br \/>\nZelar pelo uso, conserva\u00e7\u00e3o e higiene de macas e cadeiras de rodas, assim como organiza\u00e7\u00e3o e limpeza do ambiente de trabalho.<br \/>\nRealizar desinfec\u00e7\u00e3o das macas e cadeiras aos finais de semana, considerando o movimento cir\u00fargico.<br \/>\nRegistrar intercorr\u00eancias no livro de ordens e ocorr\u00eancias.<\/p>\n<ul>\n<li>Local de trabalho: Petr\u00f3polis, RJ<\/li>\n<li>Regime de contrata\u00e7\u00e3o de tipo: Efetivo \u2013 CLT<\/li>\n<li>Jornada: Per\u00edodo Integral<\/li>\n<li>\u00c1rea e especializa\u00e7\u00e3o profissional: Sa\u00fade &#8211; Enfermagem<\/li>\n<li>N\u00edvel hier\u00e1rquico: Auxiliar<\/li>\n<\/ul>\n<p>Escolaridade M\u00ednima: Ensino M\u00e9dio (2\u00ba Grau)<\/p>\n","protected":false},"excerpt":{"rendered":"<p>Assumir o plant\u00e3o e tomar ci\u00eancia das ocorr\u00eancias. Conduzir os pacientes de maca ou cadeira entre os setores do hospital, de acordo com o POP de protocolo institucional de transporte. Completar o atendimento sem deixar o paciente sozinho. Retornar com a maca ou cadeira para unidade solicitante ap\u00f3s retorno do paciente do setor de origem. [&hellip;]<\/p>\n","protected":false},"author":1,"featured_media":0,"comment_status":"open","ping_status":"open","sticky":false,"template":"","format":"standard","meta":{"footnotes":""},"categories":[21],"tags":[],"class_list":["post-4052","post","type-post","status-publish","format-standard","hentry","category-rio-de-janeiro-rj"],"_links":{"self":[{"href":"https:\/\/vagas.portalemprego.com.br\/index.php?rest_route=\/wp\/v2\/posts\/4052","targetHints":{"allow":["GET"]}}],"collection":[{"href":"https:\/\/vagas.portalemprego.com.br\/index.php?rest_route=\/wp\/v2\/posts"}],"about":[{"href":"https:\/\/vagas.portalemprego.com.br\/index.php?rest_route=\/wp\/v2\/types\/post"}],"author":[{"embeddable":true,"href":"https:\/\/vagas.portalemprego.com.br\/index.php?rest_route=\/wp\/v2\/users\/1"}],"replies":[{"embeddable":true,"href":"https:\/\/vagas.portalemprego.com.br\/index.php?rest_route=%2Fwp%2Fv2%2Fcomments&post=4052"}],"version-history":[{"count":0,"href":"https:\/\/vagas.portalemprego.com.br\/index.php?rest_route=\/wp\/v2\/posts\/4052\/revisions"}],"wp:attachment":[{"href":"https:\/\/vagas.portalemprego.com.br\/index.php?rest_route=%2Fwp%2Fv2%2Fmedia&parent=4052"}],"wp:term":[{"taxonomy":"category","embeddable":true,"href":"https:\/\/vagas.portalemprego.com.br\/index.php?rest_route=%2Fwp%2Fv2%2Fcategories&post=4052"},{"taxonomy":"post_tag","embeddable":true,"href":"https:\/\/vagas.portalemprego.com.br\/index.php?rest_route=%2Fwp%2Fv2%2Ftags&post=4052"}],"curies":[{"name":"wp","href":"https:\/\/api.w.org\/{rel}","templated":true}]}}