{"id":4054,"date":"2026-04-29T06:19:19","date_gmt":"2026-04-29T09:19:19","guid":{"rendered":"https:\/\/vagas.portalemprego.com.br\/?p=4054"},"modified":"2026-04-29T06:19:19","modified_gmt":"2026-04-29T09:19:19","slug":"analista-comercial-foco-em-trade-turistico-rj-comercial-vendas-rio-de-janeiro","status":"publish","type":"post","link":"https:\/\/vagas.portalemprego.com.br\/?p=4054","title":{"rendered":"Analista Comercial (foco em Trade Tur\u00edstico RJ) &#8211; Comercial, Vendas &#8211; Rio de Janeiro"},"content":{"rendered":"<p>Ao se juntar ao Grupo Cataratas, voc\u00ea far\u00e1 parte de uma empresa que tem em seu DNA a sustentabilidade, a diversidade e a inova\u00e7\u00e3o, e que se esfor\u00e7a para deixar um legado duradouro de impacto positivo no mundo.<br \/>\nAqui n\u00e3o nos limitamos a simplesmente oferecer um emprego, mas sim a proporcionar uma experi\u00eancia significativa e enriquecedora para nossos Embaixadores. N\u00e3o \u00e9 atoa que hoje somos reconhecidos como um excelente lugar para se trabalhar por nossos Embaixadores, certificados pela GPTW, FIA-UOL e Valor Carreira.<\/p>\n<p>Como ser\u00e1 o seu dia-a-dia (Responsabilidades):<br \/>\nRealizar prospec\u00e7\u00e3o ativa de clientes B2B, com foco na gera\u00e7\u00e3o de novos neg\u00f3cios no setor de turismo.<br \/>\nIdentificar mercados e segmentos estrat\u00e9gicos para amplia\u00e7\u00e3o da atua\u00e7\u00e3o comercial.<br \/>\nGerenciar carteira de clientes, promovendo relacionamento cont\u00ednuo, reten\u00e7\u00e3o e expans\u00e3o de contratos.<br \/>\nElaborar propostas comerciais personalizadas, conduzindo negocia\u00e7\u00f5es de pre\u00e7os, prazos e condi\u00e7\u00f5es contratuais.<br \/>\nAcompanhar metas e indicadores de performance (KPIs), como taxa de convers\u00e3o, ticket m\u00e9dio, pipeline e tempo de resposta.<br \/>\nAtuar em alinhamento com Marketing, Opera\u00e7\u00f5es e P\u00f3s-venda para garantir ader\u00eancia das solu\u00e7\u00f5es \u00e0s necessidades do cliente.<br \/>\nParticipar do fechamento de contratos e acompanhar, quando necess\u00e1rio, a implanta\u00e7\u00e3o dos servi\u00e7os comercializados.<br \/>\nRepresentar a empresa junto a ag\u00eancias, operadoras, hot\u00e9is, receptivos e demais players do trade tur\u00edstico do Rio de Janeiro.<\/p>\n<p>O que voc\u00ea precisa ter (Requisitos):<br \/>\nEnsino superior completo em Turismo, Administra\u00e7\u00e3o, Marketing ou \u00e1reas correlatas.<br \/>\nConhecimento do trade tur\u00edstico do Rio de Janeiro (ag\u00eancias, operadoras, DMCs, hot\u00e9is, canais de distribui\u00e7\u00e3o).<br \/>\nExperi\u00eancia em vendas consultivas, negocia\u00e7\u00e3o comercial e atendimento corporativo.<br \/>\nDom\u00ednio do Pacote Office (Word, Excel e PowerPoint).<br \/>\nCapacidade anal\u00edtica para acompanhamento de indicadores e metas comerciais.<br \/>\nPerfil proativo, orientado a resultados e com habilidade de relacionamento interpessoal.<br \/>\nDiferenciais:<br \/>\nExperi\u00eancia pr\u00e9via no setor de turismo, entretenimento ou hospitalidade.<br \/>\nViv\u00eancia com contratos B2B e parcerias estrat\u00e9gicas.<br \/>\nExperi\u00eancia com CRM e gest\u00e3o de funil de vendas.<\/p>\n<p>Local: Rio de Janeiro \u2013 RJ<br \/>\n Escala: 5&#215;2 (segunda a sexta e\/ou aos finais de semana conforme necessidade)<br \/>\n Hor\u00e1rio: Comercial, com flexibilidade<\/p>\n<p>Vem causar muito impacto positivo conosco!<\/p>\n<ul>\n<li>Local de trabalho: Rio de Janeiro, RJ<\/li>\n<li>Regime de contrata\u00e7\u00e3o de tipo: Efetivo \u2013 CLT<\/li>\n<li>Jornada: Per\u00edodo Integral<\/li>\n<li>\u00c1rea e especializa\u00e7\u00e3o profissional: Comercial, Vendas &#8211; Representa\u00e7\u00e3o Comercial<\/li>\n<li>N\u00edvel hier\u00e1rquico: Analista<\/li>\n<\/ul>\n<p>Escolaridade M\u00ednima: Ensino Superior<\/p>\n<ul>\n<li>Acompanhamento nutricional<\/li>\n<li>Participa\u00e7\u00e3o nos resultados<\/li>\n<li>Avalia\u00e7\u00e3o de desempenho anual<\/li>\n<li>Licen\u00e7a maternidade\/paternidade estendida<\/li>\n<li>Vale cultura<\/li>\n<li>Folga de tempo de empresa<\/li>\n<li>Folga de anivers\u00e1rio<\/li>\n<li>Descontos de at\u00e9 50% nos parques<\/li>\n<li>Sala de amamenta\u00e7\u00e3o<\/li>\n<li>Reajuste por tempo de servi\u00e7o<\/li>\n<li>Acompanhamento psicol\u00f3gico<\/li>\n<li>Massoterapia<\/li>\n<li>Eventos e comemora\u00e7\u00f5es abertos \u00e0 fam\u00edlia<\/li>\n<li>Sala de descanso<\/li>\n<li>Desconto em farm\u00e1cias<\/li>\n<li>Aux\u00edlio funer\u00e1rio<\/li>\n<li>Seguro de vida<\/li>\n<li>Plano odontol\u00f3gico<\/li>\n<li>Plano de sa\u00fade<\/li>\n<li>Wellhub\/Gympass<\/li>\n<li>Aux\u00edlio combust\u00edvel<\/li>\n<li>Vale-transporte<\/li>\n<li>Estacionamento<\/li>\n<li>Vale-refei\u00e7\u00e3o<\/li>\n<li>Aux\u00edlio creche<\/li>\n<li>Sala de acolhimento<\/li>\n<li>Vale-alimenta\u00e7\u00e3o<\/li>\n<\/ul>\n","protected":false},"excerpt":{"rendered":"<p>Ao se juntar ao Grupo Cataratas, voc\u00ea far\u00e1 parte de uma empresa que tem em seu DNA a sustentabilidade, a diversidade e a inova\u00e7\u00e3o, e que se esfor\u00e7a para deixar um legado duradouro de impacto positivo no mundo. Aqui n\u00e3o nos limitamos a simplesmente oferecer um emprego, mas sim a proporcionar uma experi\u00eancia significativa e [&hellip;]<\/p>\n","protected":false},"author":1,"featured_media":0,"comment_status":"open","ping_status":"open","sticky":false,"template":"","format":"standard","meta":{"footnotes":""},"categories":[21],"tags":[],"class_list":["post-4054","post","type-post","status-publish","format-standard","hentry","category-rio-de-janeiro-rj"],"_links":{"self":[{"href":"https:\/\/vagas.portalemprego.com.br\/index.php?rest_route=\/wp\/v2\/posts\/4054","targetHints":{"allow":["GET"]}}],"collection":[{"href":"https:\/\/vagas.portalemprego.com.br\/index.php?rest_route=\/wp\/v2\/posts"}],"about":[{"href":"https:\/\/vagas.portalemprego.com.br\/index.php?rest_route=\/wp\/v2\/types\/post"}],"author":[{"embeddable":true,"href":"https:\/\/vagas.portalemprego.com.br\/index.php?rest_route=\/wp\/v2\/users\/1"}],"replies":[{"embeddable":true,"href":"https:\/\/vagas.portalemprego.com.br\/index.php?rest_route=%2Fwp%2Fv2%2Fcomments&post=4054"}],"version-history":[{"count":0,"href":"https:\/\/vagas.portalemprego.com.br\/index.php?rest_route=\/wp\/v2\/posts\/4054\/revisions"}],"wp:attachment":[{"href":"https:\/\/vagas.portalemprego.com.br\/index.php?rest_route=%2Fwp%2Fv2%2Fmedia&parent=4054"}],"wp:term":[{"taxonomy":"category","embeddable":true,"href":"https:\/\/vagas.portalemprego.com.br\/index.php?rest_route=%2Fwp%2Fv2%2Fcategories&post=4054"},{"taxonomy":"post_tag","embeddable":true,"href":"https:\/\/vagas.portalemprego.com.br\/index.php?rest_route=%2Fwp%2Fv2%2Ftags&post=4054"}],"curies":[{"name":"wp","href":"https:\/\/api.w.org\/{rel}","templated":true}]}}