{"id":4061,"date":"2026-04-29T06:19:19","date_gmt":"2026-04-29T09:19:19","guid":{"rendered":"https:\/\/vagas.portalemprego.com.br\/?p=4061"},"modified":"2026-04-29T06:19:19","modified_gmt":"2026-04-29T09:19:19","slug":"advogado-trabalhista-rj-juridica-rio-de-janeiro","status":"publish","type":"post","link":"https:\/\/vagas.portalemprego.com.br\/?p=4061","title":{"rendered":"ADVOGADO TRABALHISTA RJ &#8211; Jur\u00eddica &#8211; Rio de Janeiro"},"content":{"rendered":"<p>Contrata\u00e7\u00e3o de advogado trabalhista no Rio de Janeiro.<br \/>\nN\u00edvel: Pleno<br \/>\nPerfil:<br \/>\nEspecializado em Direito do Trabalho e Processo do Trabalho.<br \/>\nDesej\u00e1vel atua\u00e7\u00e3o na \u00e1rea, superior a 5 anos.<br \/>\nAtribui\u00e7\u00f5es e responsabilidades:\u00a0<br \/>\nCondu\u00e7\u00e3o aut\u00f4noma de processos estrat\u00e9gicos e de m\u00e9dia\/alta complexidade.<br \/>\nReda\u00e7\u00e3o de defesas, recursos aos Tribunais Regionais (TRTs) e Tribunal Superior do Trabalho (TST), com foco em teses inovadoras.<br \/>\nRealiza\u00e7\u00e3o de audi\u00eancias de instru\u00e7\u00e3o, oitivas de testemunhas e sustenta\u00e7\u00e3o oral.<br \/>\nPreferenciais:<br \/>\nExperi\u00eancia no PJe (Processo Judicial Eletr\u00f4nico)<br \/>\nDom\u00ednio do CCPE (Comunica\u00e7\u00e3o e Coopera\u00e7\u00e3o Processual Eletr\u00f4nica)<br \/>\nViv\u00eancia com sistemas de gest\u00e3o jur\u00eddica de clientes, especialmente Benner<br \/>\nConhecimento em outras aplica\u00e7\u00f5es jur\u00eddicas digitais e ferramentas de workflow<br \/>\nCapacidade de organiza\u00e7\u00e3o, an\u00e1lise cr\u00edtica e comunica\u00e7\u00e3o clara<br \/>\nRegime CLT\u00a0<br \/>\nSal\u00e1rio a combinar<\/p>\n<ul>\n<li>Local de trabalho: Rio de Janeiro, RJ<\/li>\n<li>Regime de contrata\u00e7\u00e3o de tipo: Efetivo \u2013 CLT<\/li>\n<li>Jornada: Per\u00edodo Integral<\/li>\n<li>\u00c1rea e especializa\u00e7\u00e3o profissional: Jur\u00eddica &#8211; Trabalhista<\/li>\n<li>N\u00edvel hier\u00e1rquico: Analista<\/li>\n<\/ul>\n<p>Escolaridade M\u00ednima: Ensino Superior<\/p>\n","protected":false},"excerpt":{"rendered":"<p>Contrata\u00e7\u00e3o de advogado trabalhista no Rio de Janeiro. N\u00edvel: Pleno Perfil: Especializado em Direito do Trabalho e Processo do Trabalho. Desej\u00e1vel atua\u00e7\u00e3o na \u00e1rea, superior a 5 anos. Atribui\u00e7\u00f5es e responsabilidades:\u00a0 Condu\u00e7\u00e3o aut\u00f4noma de processos estrat\u00e9gicos e de m\u00e9dia\/alta complexidade. Reda\u00e7\u00e3o de defesas, recursos aos Tribunais Regionais (TRTs) e Tribunal Superior do Trabalho (TST), com [&hellip;]<\/p>\n","protected":false},"author":1,"featured_media":0,"comment_status":"open","ping_status":"open","sticky":false,"template":"","format":"standard","meta":{"footnotes":""},"categories":[21],"tags":[],"class_list":["post-4061","post","type-post","status-publish","format-standard","hentry","category-rio-de-janeiro-rj"],"_links":{"self":[{"href":"https:\/\/vagas.portalemprego.com.br\/index.php?rest_route=\/wp\/v2\/posts\/4061","targetHints":{"allow":["GET"]}}],"collection":[{"href":"https:\/\/vagas.portalemprego.com.br\/index.php?rest_route=\/wp\/v2\/posts"}],"about":[{"href":"https:\/\/vagas.portalemprego.com.br\/index.php?rest_route=\/wp\/v2\/types\/post"}],"author":[{"embeddable":true,"href":"https:\/\/vagas.portalemprego.com.br\/index.php?rest_route=\/wp\/v2\/users\/1"}],"replies":[{"embeddable":true,"href":"https:\/\/vagas.portalemprego.com.br\/index.php?rest_route=%2Fwp%2Fv2%2Fcomments&post=4061"}],"version-history":[{"count":0,"href":"https:\/\/vagas.portalemprego.com.br\/index.php?rest_route=\/wp\/v2\/posts\/4061\/revisions"}],"wp:attachment":[{"href":"https:\/\/vagas.portalemprego.com.br\/index.php?rest_route=%2Fwp%2Fv2%2Fmedia&parent=4061"}],"wp:term":[{"taxonomy":"category","embeddable":true,"href":"https:\/\/vagas.portalemprego.com.br\/index.php?rest_route=%2Fwp%2Fv2%2Fcategories&post=4061"},{"taxonomy":"post_tag","embeddable":true,"href":"https:\/\/vagas.portalemprego.com.br\/index.php?rest_route=%2Fwp%2Fv2%2Ftags&post=4061"}],"curies":[{"name":"wp","href":"https:\/\/api.w.org\/{rel}","templated":true}]}}