{"id":4063,"date":"2026-04-29T06:19:19","date_gmt":"2026-04-29T09:19:19","guid":{"rendered":"https:\/\/vagas.portalemprego.com.br\/?p=4063"},"modified":"2026-04-29T06:19:19","modified_gmt":"2026-04-29T09:19:19","slug":"tecnico-de-nutricao-1108-saude-rio-de-janeiro","status":"publish","type":"post","link":"https:\/\/vagas.portalemprego.com.br\/?p=4063","title":{"rendered":"T\u00e9cnico de Nutri\u00e7\u00e3o #1108 &#8211; Sa\u00fade &#8211; Rio de Janeiro"},"content":{"rendered":"<p>Introdu\u00e7\u00e3o:Estamos buscando um profissional para o cargo de T\u00e9cnico de Nutri\u00e7\u00e3o na Barra da Tijuca, Recreio e Botafogo.<br \/>\nFun\u00e7\u00f5es:<br \/>\nGerenciar planos nutricionais personalizados<br \/>\nCoordenar atividades de avalia\u00e7\u00e3o nutricional<br \/>\nAcompanhar resultados e ajustar planos conforme necess\u00e1rio<br \/>\nColaborar com equipes multidisciplinares para promover sa\u00fade<\/p>\n<p>Requisitos:<br \/>\nExperi\u00eancia em nutri\u00e7\u00e3o cl\u00ednica<br \/>\nConhecimento em avalia\u00e7\u00e3o nutricional e dietas<br \/>\nCapacidade de trabalhar em equipe<br \/>\nHabilidades de comunica\u00e7\u00e3o eficazes<\/p>\n<p>?? AVISO IMPORTANTE \u2013 Aten\u00e7\u00e3o a um ponto importante da vaga:<\/p>\n<p>? A posi\u00e7\u00e3o \u00e9 EXCLUSIVAMENTE para T\u00c9CNICA EM NUTRI\u00c7\u00c3O.<\/p>\n<p>?? N\u00e3o pode ser nutricionista formada (n\u00edvel superior).<\/p>\n<p>Requisitos obrigat\u00f3rios:<\/p>\n<p>Forma\u00e7\u00e3o completa em T\u00e9cnico em Nutri\u00e7\u00e3o e Diet\u00e9tica<br \/>\nPossuir registro ativo no CRN (Conselho Regional de Nutricionistas) como TND<br \/>\nRegistro profissional deve estar ativo e regular.<br \/>\nBenef\u00edcios:<br \/>\nOferecemos um ambiente de trabalho colaborativo<br \/>\nAmbiente de trabalho seguro e acolhedor<\/p>\n<p>A oportunidade \u00e9 presencial .<\/p>\n<ul>\n<li>Local de trabalho: Rio de Janeiro, RJ<\/li>\n<li>Regime de contrata\u00e7\u00e3o de tipo: Efetivo \u2013 CLT<\/li>\n<li>Jornada: Per\u00edodo Integral<\/li>\n<li>\u00c1rea e especializa\u00e7\u00e3o profissional: Sa\u00fade &#8211; Nutri\u00e7\u00e3o<\/li>\n<li>N\u00edvel hier\u00e1rquico: Assistente<\/li>\n<\/ul>\n<p>VALORIZADO<\/p>\n<p>Tempo de experi\u00eancia: Entre 3 e 5 anos<\/p>\n<p>Escolaridade M\u00ednima: Ensino M\u00e9dio (2\u00ba Grau)<\/p>\n<p>Forma\u00e7\u00e3o desejada:<\/p>\n<ul>\n<li>Ensino M\u00e9dio (2\u00ba Grau)<\/li>\n<\/ul>\n<p>Sal\u00e1rio: 1800,0<\/p>\n","protected":false},"excerpt":{"rendered":"<p>Introdu\u00e7\u00e3o:Estamos buscando um profissional para o cargo de T\u00e9cnico de Nutri\u00e7\u00e3o na Barra da Tijuca, Recreio e Botafogo. Fun\u00e7\u00f5es: Gerenciar planos nutricionais personalizados Coordenar atividades de avalia\u00e7\u00e3o nutricional Acompanhar resultados e ajustar planos conforme necess\u00e1rio Colaborar com equipes multidisciplinares para promover sa\u00fade Requisitos: Experi\u00eancia em nutri\u00e7\u00e3o cl\u00ednica Conhecimento em avalia\u00e7\u00e3o nutricional e dietas Capacidade de [&hellip;]<\/p>\n","protected":false},"author":1,"featured_media":0,"comment_status":"open","ping_status":"open","sticky":false,"template":"","format":"standard","meta":{"footnotes":""},"categories":[21],"tags":[],"class_list":["post-4063","post","type-post","status-publish","format-standard","hentry","category-rio-de-janeiro-rj"],"_links":{"self":[{"href":"https:\/\/vagas.portalemprego.com.br\/index.php?rest_route=\/wp\/v2\/posts\/4063","targetHints":{"allow":["GET"]}}],"collection":[{"href":"https:\/\/vagas.portalemprego.com.br\/index.php?rest_route=\/wp\/v2\/posts"}],"about":[{"href":"https:\/\/vagas.portalemprego.com.br\/index.php?rest_route=\/wp\/v2\/types\/post"}],"author":[{"embeddable":true,"href":"https:\/\/vagas.portalemprego.com.br\/index.php?rest_route=\/wp\/v2\/users\/1"}],"replies":[{"embeddable":true,"href":"https:\/\/vagas.portalemprego.com.br\/index.php?rest_route=%2Fwp%2Fv2%2Fcomments&post=4063"}],"version-history":[{"count":0,"href":"https:\/\/vagas.portalemprego.com.br\/index.php?rest_route=\/wp\/v2\/posts\/4063\/revisions"}],"wp:attachment":[{"href":"https:\/\/vagas.portalemprego.com.br\/index.php?rest_route=%2Fwp%2Fv2%2Fmedia&parent=4063"}],"wp:term":[{"taxonomy":"category","embeddable":true,"href":"https:\/\/vagas.portalemprego.com.br\/index.php?rest_route=%2Fwp%2Fv2%2Fcategories&post=4063"},{"taxonomy":"post_tag","embeddable":true,"href":"https:\/\/vagas.portalemprego.com.br\/index.php?rest_route=%2Fwp%2Fv2%2Ftags&post=4063"}],"curies":[{"name":"wp","href":"https:\/\/api.w.org\/{rel}","templated":true}]}}