{"id":4064,"date":"2026-04-29T06:19:19","date_gmt":"2026-04-29T09:19:19","guid":{"rendered":"https:\/\/vagas.portalemprego.com.br\/?p=4064"},"modified":"2026-04-29T06:19:19","modified_gmt":"2026-04-29T09:19:19","slug":"analista-de-rh-recursos-humanos-rio-de-janeiro-4","status":"publish","type":"post","link":"https:\/\/vagas.portalemprego.com.br\/?p=4064","title":{"rendered":"Analista de RH &#8211; Recursos Humanos &#8211; Rio de Janeiro"},"content":{"rendered":"<p>A Talentos Consultoria est\u00e1 em busca de um Analista de RH Pleno para atuar em um de nossos clientes do segmento ambiental.<br \/>\nO profissional ser\u00e1 respons\u00e1vel por estruturar e fortalecer os processos de Recursos Humanos, apoiando o desenvolvimento organizacional e a gest\u00e3o de pessoas da empresa.<br \/>\nPrincipais atividades<br \/>\n \u2022 Implantar e organizar processos e pol\u00edticas de RH;<br \/>\n \u2022 Estruturar e atualizar cargos e sal\u00e1rios e descri\u00e7\u00f5es de cargos;<br \/>\n \u2022 Apoiar a\u00e7\u00f5es de clima organizacional, treinamento e comunica\u00e7\u00e3o interna;<br \/>\n \u2022 Acompanhar indicadores de RH e apoiar gestores na gest\u00e3o de equipes;<br \/>\n \u2022 Atuar de forma generalista nos subsistemas de RH.<br \/>\nRequisitos<br \/>\n \u2022 Experi\u00eancia anterior na \u00e1rea de RH com atua\u00e7\u00e3o generalista;<br \/>\n \u2022 Viv\u00eancia na implanta\u00e7\u00e3o e organiza\u00e7\u00e3o de processos de RH;<br \/>\n \u2022 Conhecimento em cargos e sal\u00e1rios e desenvolvimento organizacional;<br \/>\n \u2022 Excel intermedi\u00e1rio;<br \/>\n \u2022 Ensino superior completo em Administra\u00e7\u00e3o, Psicologia, RH ou \u00e1reas correlatas.<\/p>\n<ul>\n<li>Local de trabalho: Rio de Janeiro, RJ<\/li>\n<li>Regime de contrata\u00e7\u00e3o de tipo: Efetivo \u2013 CLT<\/li>\n<li>Jornada: Per\u00edodo Integral<\/li>\n<li>\u00c1rea e especializa\u00e7\u00e3o profissional: Recursos Humanos &#8211; Recursos Humanos (Generalista)<\/li>\n<li>N\u00edvel hier\u00e1rquico: Analista<\/li>\n<\/ul>\n<p>VALORIZADO<\/p>\n<p>Tempo de experi\u00eancia: Entre 3 e 5 anos<\/p>\n<p>Escolaridade M\u00ednima: Ensino Superior<\/p>\n<p>Forma\u00e7\u00e3o desejada:<\/p>\n<ul>\n<li>Administra\u00e7\u00e3o de empresas, Ensino Superior<\/li>\n<li>Gest\u00e3o de Recursos Humanos, Ensino Superior<\/li>\n<\/ul>\n<ul>\n<li>Vale-transporte<\/li>\n<li>Vale-refei\u00e7\u00e3o<\/li>\n<li>Seguro de Vida<\/li>\n<li>Plano de Sa\u00fade<\/li>\n<\/ul>\n","protected":false},"excerpt":{"rendered":"<p>A Talentos Consultoria est\u00e1 em busca de um Analista de RH Pleno para atuar em um de nossos clientes do segmento ambiental. O profissional ser\u00e1 respons\u00e1vel por estruturar e fortalecer os processos de Recursos Humanos, apoiando o desenvolvimento organizacional e a gest\u00e3o de pessoas da empresa. Principais atividades \u2022 Implantar e organizar processos e pol\u00edticas [&hellip;]<\/p>\n","protected":false},"author":1,"featured_media":0,"comment_status":"open","ping_status":"open","sticky":false,"template":"","format":"standard","meta":{"footnotes":""},"categories":[21],"tags":[],"class_list":["post-4064","post","type-post","status-publish","format-standard","hentry","category-rio-de-janeiro-rj"],"_links":{"self":[{"href":"https:\/\/vagas.portalemprego.com.br\/index.php?rest_route=\/wp\/v2\/posts\/4064","targetHints":{"allow":["GET"]}}],"collection":[{"href":"https:\/\/vagas.portalemprego.com.br\/index.php?rest_route=\/wp\/v2\/posts"}],"about":[{"href":"https:\/\/vagas.portalemprego.com.br\/index.php?rest_route=\/wp\/v2\/types\/post"}],"author":[{"embeddable":true,"href":"https:\/\/vagas.portalemprego.com.br\/index.php?rest_route=\/wp\/v2\/users\/1"}],"replies":[{"embeddable":true,"href":"https:\/\/vagas.portalemprego.com.br\/index.php?rest_route=%2Fwp%2Fv2%2Fcomments&post=4064"}],"version-history":[{"count":0,"href":"https:\/\/vagas.portalemprego.com.br\/index.php?rest_route=\/wp\/v2\/posts\/4064\/revisions"}],"wp:attachment":[{"href":"https:\/\/vagas.portalemprego.com.br\/index.php?rest_route=%2Fwp%2Fv2%2Fmedia&parent=4064"}],"wp:term":[{"taxonomy":"category","embeddable":true,"href":"https:\/\/vagas.portalemprego.com.br\/index.php?rest_route=%2Fwp%2Fv2%2Fcategories&post=4064"},{"taxonomy":"post_tag","embeddable":true,"href":"https:\/\/vagas.portalemprego.com.br\/index.php?rest_route=%2Fwp%2Fv2%2Ftags&post=4064"}],"curies":[{"name":"wp","href":"https:\/\/api.w.org\/{rel}","templated":true}]}}