{"id":4066,"date":"2026-04-29T06:19:19","date_gmt":"2026-04-29T09:19:19","guid":{"rendered":"https:\/\/vagas.portalemprego.com.br\/?p=4066"},"modified":"2026-04-29T06:19:19","modified_gmt":"2026-04-29T09:19:19","slug":"auxiliar-de-arquivo-logistica-rio-de-janeiro","status":"publish","type":"post","link":"https:\/\/vagas.portalemprego.com.br\/?p=4066","title":{"rendered":"Auxiliar de Arquivo &#8211; Log\u00edstica &#8211; Rio de Janeiro"},"content":{"rendered":"<p>A Iron Mountain est\u00e1 buscando um motivado Auxiliar de Arquivo para se juntar \u00e0 nossa equipe de Opera\u00e7\u00f5es\/Gest\u00e3o de Registros. Nesta fun\u00e7\u00e3o, voc\u00ea ser\u00e1 respons\u00e1vel por garantir a precis\u00e3o no manuseio e movimenta\u00e7\u00e3o de todos os ativos de informa\u00e7\u00e3o dos clientes (f\u00edsicos e digitais).<br \/>\nPrincipais Responsabilidades<br \/>\nNesta fun\u00e7\u00e3o, voc\u00ea ir\u00e1:<br \/>\nProcessar e gerenciar a entrada, armazenamento e recupera\u00e7\u00e3o di\u00e1ria de caixas de documentos, garantindo o controle de invent\u00e1rio e a seguran\u00e7a dos registros.<br \/>\nColaborar com a equipe de Opera\u00e7\u00f5es e outras \u00e1reas internas para atender \u00e0s solicita\u00e7\u00f5es dos clientes de forma eficiente e manter um alto padr\u00e3o de servi\u00e7o.<br \/>\nAssegurar a conformidade com os protocolos de seguran\u00e7a da Iron Mountain, procedimentos operacionais internos e regulamenta\u00e7\u00f5es relevantes para o armazenamento e acesso a registros.<br \/>\nHabilidades e Qualifica\u00e7\u00f5es<br \/>\nO candidato ideal deve ter:<br \/>\nForte conhecimento em organiza\u00e7\u00e3o e pr\u00e1ticas de entrada de dados (digita\u00e7\u00e3o) com foco em alta precis\u00e3o e aten\u00e7\u00e3o aos detalhes.<br \/>\nHabilidade comprovada em trabalhar de forma eficaz em um ambiente de equipe e demonstrar proatividade na resolu\u00e7\u00e3o de problemas.<br \/>\nEnsino M\u00e9dio Completo.<br \/>\nBenef\u00edcios<br \/>\nDetalhes salariais: R$1.836,50.<br \/>\nTurno de 44h semanais de segunda a sexta-feira.<br \/>\nLocalidade: Cordovil, Rio de Janeiro.<br \/>\nRemunera\u00e7\u00e3o e benef\u00edcios competitivos alinhados com a experi\u00eancia.<br \/>\nPlanos abrangentes de sa\u00fade.<br \/>\nOportunidades de aprendizado cont\u00ednuo e crescimento profissional.<\/p>\n<ul>\n<li>Local de trabalho: Rio de Janeiro, RJ<\/li>\n<li>Regime de contrata\u00e7\u00e3o de tipo: Efetivo \u2013 CLT<\/li>\n<li>Jornada: Per\u00edodo Integral<\/li>\n<li>\u00c1rea e especializa\u00e7\u00e3o profissional: Log\u00edstica &#8211; Log\u00edstica<\/li>\n<li>N\u00edvel hier\u00e1rquico: Auxiliar<\/li>\n<\/ul>\n<p>Escolaridade M\u00ednima: Ensino M\u00e9dio (2\u00ba Grau)<\/p>\n<p>Sal\u00e1rio: 1836,5<\/p>\n","protected":false},"excerpt":{"rendered":"<p>A Iron Mountain est\u00e1 buscando um motivado Auxiliar de Arquivo para se juntar \u00e0 nossa equipe de Opera\u00e7\u00f5es\/Gest\u00e3o de Registros. Nesta fun\u00e7\u00e3o, voc\u00ea ser\u00e1 respons\u00e1vel por garantir a precis\u00e3o no manuseio e movimenta\u00e7\u00e3o de todos os ativos de informa\u00e7\u00e3o dos clientes (f\u00edsicos e digitais). Principais Responsabilidades Nesta fun\u00e7\u00e3o, voc\u00ea ir\u00e1: Processar e gerenciar a entrada, [&hellip;]<\/p>\n","protected":false},"author":1,"featured_media":0,"comment_status":"open","ping_status":"open","sticky":false,"template":"","format":"standard","meta":{"footnotes":""},"categories":[21],"tags":[],"class_list":["post-4066","post","type-post","status-publish","format-standard","hentry","category-rio-de-janeiro-rj"],"_links":{"self":[{"href":"https:\/\/vagas.portalemprego.com.br\/index.php?rest_route=\/wp\/v2\/posts\/4066","targetHints":{"allow":["GET"]}}],"collection":[{"href":"https:\/\/vagas.portalemprego.com.br\/index.php?rest_route=\/wp\/v2\/posts"}],"about":[{"href":"https:\/\/vagas.portalemprego.com.br\/index.php?rest_route=\/wp\/v2\/types\/post"}],"author":[{"embeddable":true,"href":"https:\/\/vagas.portalemprego.com.br\/index.php?rest_route=\/wp\/v2\/users\/1"}],"replies":[{"embeddable":true,"href":"https:\/\/vagas.portalemprego.com.br\/index.php?rest_route=%2Fwp%2Fv2%2Fcomments&post=4066"}],"version-history":[{"count":0,"href":"https:\/\/vagas.portalemprego.com.br\/index.php?rest_route=\/wp\/v2\/posts\/4066\/revisions"}],"wp:attachment":[{"href":"https:\/\/vagas.portalemprego.com.br\/index.php?rest_route=%2Fwp%2Fv2%2Fmedia&parent=4066"}],"wp:term":[{"taxonomy":"category","embeddable":true,"href":"https:\/\/vagas.portalemprego.com.br\/index.php?rest_route=%2Fwp%2Fv2%2Fcategories&post=4066"},{"taxonomy":"post_tag","embeddable":true,"href":"https:\/\/vagas.portalemprego.com.br\/index.php?rest_route=%2Fwp%2Fv2%2Ftags&post=4066"}],"curies":[{"name":"wp","href":"https:\/\/api.w.org\/{rel}","templated":true}]}}