{"id":4068,"date":"2026-04-29T06:19:19","date_gmt":"2026-04-29T09:19:19","guid":{"rendered":"https:\/\/vagas.portalemprego.com.br\/?p=4068"},"modified":"2026-04-29T06:19:19","modified_gmt":"2026-04-29T09:19:19","slug":"sdr-comercial-vendas-rio-de-janeiro-3","status":"publish","type":"post","link":"https:\/\/vagas.portalemprego.com.br\/?p=4068","title":{"rendered":"SDR &#8211; Comercial, Vendas &#8211; Rio de Janeiro"},"content":{"rendered":"<p>?? Suas principais responsabilidades:<br \/>\nRealizar prospec\u00e7\u00e3o ativa de leads (outbound e inbound);<br \/>\nQualificar potenciais clientes, entendendo perfil, necessidades e momento de compra;<br \/>\nApresentar a proposta de valor da solu\u00e7\u00e3o de forma clara, consultiva e objetiva;<br \/>\nAgendar reuni\u00f5es qualificadas para o time de vendas;<br \/>\nRegistrar e atualizar informa\u00e7\u00f5es no CRM, garantindo organiza\u00e7\u00e3o do funil comercial;<br \/>\nAtuar em parceria com marketing e vendas para melhoria cont\u00ednua da abordagem;<br \/>\nApoiar na estrutura\u00e7\u00e3o e evolu\u00e7\u00e3o dos processos comerciais;<br \/>\nAcompanhar m\u00e9tricas de desempenho (contatos, convers\u00f5es, reuni\u00f5es agendadas).<\/p>\n<p>?? O que esperamos de voc\u00ea:<br \/>\nExperi\u00eancia pr\u00e9via como SDR, Pr\u00e9-Vendas ou em \u00e1reas comerciais (diferencial);<br \/>\nBoa comunica\u00e7\u00e3o verbal e escrita;<br \/>\nPerfil organizado, proativo e com facilidade para aprender;<br \/>\nAfinidade com tecnologia e softwares;<br \/>\nCapacidade de escuta ativa e abordagem consultiva;<br \/>\nEnsino superior cursando ou completo (diferencial);<br \/>\nInteresse em crescer junto com uma startup em expans\u00e3o.<\/p>\n<p>?? Buscamos pessoas que:<br \/>\nCurtem tecnologia, inova\u00e7\u00e3o e ambientes din\u00e2micos;<br \/>\nGostam de conversar, se conectar e gerar oportunidades;<br \/>\nT\u00eam atitude de dono e senso de responsabilidade;<br \/>\nAprendem r\u00e1pido, testam, ajustam e evoluem;<br \/>\nSe sentem confort\u00e1veis em ambientes em constru\u00e7\u00e3o.<\/p>\n<p>?? O que voc\u00ea encontra por aqui:<br \/>\nAmbiente de startup, pr\u00f3ximo da lideran\u00e7a e com decis\u00f5es r\u00e1pidas;<br \/>\nAtua\u00e7\u00e3o direta em um produto tecnol\u00f3gico com alto potencial de escala;<br \/>\nVisibilidade e impacto real no crescimento do neg\u00f3cio;<br \/>\nPossibilidade concreta de evolu\u00e7\u00e3o para posi\u00e7\u00f5es comerciais estrat\u00e9gicas;<br \/>\nCultura que valoriza autonomia, responsabilidade e desenvolvimento cont\u00ednuo<\/p>\n<ul>\n<li>Local de trabalho: Rio de Janeiro, RJ<\/li>\n<li>Regime de contrata\u00e7\u00e3o de tipo: Efetivo \u2013 CLT<\/li>\n<li>Jornada: Per\u00edodo Integral<\/li>\n<li>\u00c1rea e especializa\u00e7\u00e3o profissional: Comercial, Vendas &#8211; Venda Interna<\/li>\n<li>N\u00edvel hier\u00e1rquico: Operacional<\/li>\n<\/ul>\n<p>VALORIZADO<\/p>\n<p>Tempo de experi\u00eancia: Entre 1 e 3 anos<\/p>\n<p>HABILIDADES<\/p>\n<ul>\n<li>Boa comunica\u00e7\u00e3o verbal e escrita;<\/li>\n<li>Pr\u00e9-Vendas ou em \u00e1reas comerciais (diferencial);<\/li>\n<li>Afinidade com tecnologia e softwares;<\/li>\n<\/ul>\n<p>Escolaridade M\u00ednima: Ensino Superior<\/p>\n<ul>\n<li>Vale Alimenta\u00e7\u00e3o;<\/li>\n<li>Vale Transporte;<\/li>\n<li>Plano de Sa\u00fade;<\/li>\n<\/ul>\n<p>Sal\u00e1rio: 2500,0<\/p>\n","protected":false},"excerpt":{"rendered":"<p>?? Suas principais responsabilidades: Realizar prospec\u00e7\u00e3o ativa de leads (outbound e inbound); Qualificar potenciais clientes, entendendo perfil, necessidades e momento de compra; Apresentar a proposta de valor da solu\u00e7\u00e3o de forma clara, consultiva e objetiva; Agendar reuni\u00f5es qualificadas para o time de vendas; Registrar e atualizar informa\u00e7\u00f5es no CRM, garantindo organiza\u00e7\u00e3o do funil comercial; Atuar [&hellip;]<\/p>\n","protected":false},"author":1,"featured_media":0,"comment_status":"open","ping_status":"open","sticky":false,"template":"","format":"standard","meta":{"footnotes":""},"categories":[21],"tags":[],"class_list":["post-4068","post","type-post","status-publish","format-standard","hentry","category-rio-de-janeiro-rj"],"_links":{"self":[{"href":"https:\/\/vagas.portalemprego.com.br\/index.php?rest_route=\/wp\/v2\/posts\/4068","targetHints":{"allow":["GET"]}}],"collection":[{"href":"https:\/\/vagas.portalemprego.com.br\/index.php?rest_route=\/wp\/v2\/posts"}],"about":[{"href":"https:\/\/vagas.portalemprego.com.br\/index.php?rest_route=\/wp\/v2\/types\/post"}],"author":[{"embeddable":true,"href":"https:\/\/vagas.portalemprego.com.br\/index.php?rest_route=\/wp\/v2\/users\/1"}],"replies":[{"embeddable":true,"href":"https:\/\/vagas.portalemprego.com.br\/index.php?rest_route=%2Fwp%2Fv2%2Fcomments&post=4068"}],"version-history":[{"count":0,"href":"https:\/\/vagas.portalemprego.com.br\/index.php?rest_route=\/wp\/v2\/posts\/4068\/revisions"}],"wp:attachment":[{"href":"https:\/\/vagas.portalemprego.com.br\/index.php?rest_route=%2Fwp%2Fv2%2Fmedia&parent=4068"}],"wp:term":[{"taxonomy":"category","embeddable":true,"href":"https:\/\/vagas.portalemprego.com.br\/index.php?rest_route=%2Fwp%2Fv2%2Fcategories&post=4068"},{"taxonomy":"post_tag","embeddable":true,"href":"https:\/\/vagas.portalemprego.com.br\/index.php?rest_route=%2Fwp%2Fv2%2Ftags&post=4068"}],"curies":[{"name":"wp","href":"https:\/\/api.w.org\/{rel}","templated":true}]}}