{"id":4072,"date":"2026-04-29T06:19:19","date_gmt":"2026-04-29T09:19:19","guid":{"rendered":"https:\/\/vagas.portalemprego.com.br\/?p=4072"},"modified":"2026-04-29T06:19:19","modified_gmt":"2026-04-29T09:19:19","slug":"gerente-de-loja-comercial-vendas-niteroi-3","status":"publish","type":"post","link":"https:\/\/vagas.portalemprego.com.br\/?p=4072","title":{"rendered":"Gerente de Loja &#8211; Comercial, Vendas &#8211; Niter\u00f3i"},"content":{"rendered":"<p>Vaga: Gerente de Loja &#8211; Shopping Plaza Niter\u00f3i<br \/>\nEmpresa de cal\u00e7ados e acess\u00f3rios contrata<br \/>\nSe voc\u00ea tem perfil de lideran\u00e7a, foco em resultados e experi\u00eancia no segmento de cal\u00e7ados, essa oportunidade pode ser para voc\u00ea.<br \/>\nLocal: Shopping Plaza Niter\u00f3i<br \/>\n Hor\u00e1rio:<br \/>\n Segunda a sexta: 11h40 \u00e0s 20h00<br \/>\n S\u00e1bado: 11h30 \u00e0s 19h00<br \/>\nSal\u00e1rio: R$ 1.785,71 + comiss\u00e3o<br \/>\n (M\u00e9dia salarial aproximada: R$ 2.500,00)<br \/>\nResponsabilidades<br \/>\nGest\u00e3o da equipe e das opera\u00e7\u00f5es da loja<br \/>\nAcompanhamento de metas, indicadores e resultados<br \/>\nOrganiza\u00e7\u00e3o de estoque e apoio ao visual merchandising<br \/>\nGarantir excel\u00eancia no atendimento e na experi\u00eancia do cliente<br \/>\nRequisitos<br \/>\nEnsino m\u00e9dio completo<br \/>\nExperi\u00eancia comprovada na fun\u00e7\u00e3o de ger\u00eancia<br \/>\nViv\u00eancia no segmento de cal\u00e7ados<br \/>\nConhecimentos b\u00e1sicos em inform\u00e1tica<br \/>\nCursos na \u00e1rea de gest\u00e3o ou lideran\u00e7a ser\u00e3o considerados diferenciais<br \/>\nBenef\u00edcios<br \/>\nPlano de sa\u00fade Interm\u00e9dica (opcional)<br \/>\nPlano odontol\u00f3gico Amil (opcional)<br \/>\nTotalPass<br \/>\nTelemedicina e atendimento psicol\u00f3gico online<br \/>\nDescontos em produtos da marca<\/p>\n<ul>\n<li>Local de trabalho: Niter\u00f3i, RJ<\/li>\n<li>Regime de contrata\u00e7\u00e3o de tipo: Efetivo \u2013 CLT<\/li>\n<li>Jornada: Per\u00edodo Integral<\/li>\n<li>\u00c1rea e especializa\u00e7\u00e3o profissional: Comercial, Vendas &#8211; Lojas \/ Shopping<\/li>\n<li>N\u00edvel hier\u00e1rquico: Gerente<\/li>\n<\/ul>\n<p>Escolaridade M\u00ednima: Ensino M\u00e9dio (2\u00ba Grau)<\/p>\n<p>Sal\u00e1rio: 2500,0<\/p>\n","protected":false},"excerpt":{"rendered":"<p>Vaga: Gerente de Loja &#8211; Shopping Plaza Niter\u00f3i Empresa de cal\u00e7ados e acess\u00f3rios contrata Se voc\u00ea tem perfil de lideran\u00e7a, foco em resultados e experi\u00eancia no segmento de cal\u00e7ados, essa oportunidade pode ser para voc\u00ea. Local: Shopping Plaza Niter\u00f3i Hor\u00e1rio: Segunda a sexta: 11h40 \u00e0s 20h00 S\u00e1bado: 11h30 \u00e0s 19h00 Sal\u00e1rio: R$ 1.785,71 + comiss\u00e3o [&hellip;]<\/p>\n","protected":false},"author":1,"featured_media":0,"comment_status":"open","ping_status":"open","sticky":false,"template":"","format":"standard","meta":{"footnotes":""},"categories":[21],"tags":[],"class_list":["post-4072","post","type-post","status-publish","format-standard","hentry","category-rio-de-janeiro-rj"],"_links":{"self":[{"href":"https:\/\/vagas.portalemprego.com.br\/index.php?rest_route=\/wp\/v2\/posts\/4072","targetHints":{"allow":["GET"]}}],"collection":[{"href":"https:\/\/vagas.portalemprego.com.br\/index.php?rest_route=\/wp\/v2\/posts"}],"about":[{"href":"https:\/\/vagas.portalemprego.com.br\/index.php?rest_route=\/wp\/v2\/types\/post"}],"author":[{"embeddable":true,"href":"https:\/\/vagas.portalemprego.com.br\/index.php?rest_route=\/wp\/v2\/users\/1"}],"replies":[{"embeddable":true,"href":"https:\/\/vagas.portalemprego.com.br\/index.php?rest_route=%2Fwp%2Fv2%2Fcomments&post=4072"}],"version-history":[{"count":0,"href":"https:\/\/vagas.portalemprego.com.br\/index.php?rest_route=\/wp\/v2\/posts\/4072\/revisions"}],"wp:attachment":[{"href":"https:\/\/vagas.portalemprego.com.br\/index.php?rest_route=%2Fwp%2Fv2%2Fmedia&parent=4072"}],"wp:term":[{"taxonomy":"category","embeddable":true,"href":"https:\/\/vagas.portalemprego.com.br\/index.php?rest_route=%2Fwp%2Fv2%2Fcategories&post=4072"},{"taxonomy":"post_tag","embeddable":true,"href":"https:\/\/vagas.portalemprego.com.br\/index.php?rest_route=%2Fwp%2Fv2%2Ftags&post=4072"}],"curies":[{"name":"wp","href":"https:\/\/api.w.org\/{rel}","templated":true}]}}